{"id":635,"date":"2021-06-05T10:13:45","date_gmt":"2021-06-05T08:13:45","guid":{"rendered":"https:\/\/guaracentral.com\/blog\/?p=635"},"modified":"2021-09-22T11:51:53","modified_gmt":"2021-09-22T09:51:53","slug":"ermita-bascues","status":"publish","type":"post","link":"https:\/\/guaracentral.com\/blog\/ermita-bascues\/","title":{"rendered":"Ermita de Bascu\u00e9s"},"content":{"rendered":"<p>&nbsp;<\/p>\r\n\r\n<h3>Ermita de Bascu\u00e9s<\/h3>\r\n<p>Su top\u00f3nimo de la ermita de Bascu\u00e9s es derivado de \u201cSe\u00f1or de Basquis\u201c, escrito por primera vez en tiempos de los romanos.<\/p>\r\n<p><\/p>\r\n<p><\/p>\r\n<p>Asentamiento\u00a0 medieval del que se conserva la Iglesia, ampliada con la base de un torre\u00f3n. Se trata de una construcci\u00f3n rom\u00e1nica de una sola nave que data del siglo XI, de la que \u00fanicamente se conserva el templo, no el campanario que fue derruido a partir del siglo XVII<\/p>\r\n<p>&nbsp;<\/p>\r\n<p><\/p>\r\n<p><\/p>\r\n<p><\/p>\r\n<p><\/p>\r\n<p><\/p>\r\n<p><\/p>\r\n<p><\/p>\r\n<p><\/p>\r\n<p><\/p>\r\n<p><\/p>\r\n<p><\/p>\r\n<p><\/p>\r\n<p><\/p>\r\n<figure><img loading=\"lazy\" src=\"https:\/\/guaracentral.com\/blog\/wp-content\/uploads\/2021\/05\/portada_bascues-1-1024x685.jpg\" sizes=\"(max-width: 640px) 100vw, 640px\" srcset=\"https:\/\/guaracentral.com\/blog\/wp-content\/uploads\/2021\/05\/portada_bascues-1-1024x685.jpg 1024w, https:\/\/guaracentral.com\/blog\/wp-content\/uploads\/2021\/05\/portada_bascues-1-300x201.jpg 300w, https:\/\/guaracentral.com\/blog\/wp-content\/uploads\/2021\/05\/portada_bascues-1-768x514.jpg 768w, https:\/\/guaracentral.com\/blog\/wp-content\/uploads\/2021\/05\/portada_bascues-1-1536x1027.jpg 1536w, https:\/\/guaracentral.com\/blog\/wp-content\/uploads\/2021\/05\/portada_bascues-1.jpg 1600w\" alt=\"\" width=\"640\" height=\"428\" \/>\r\n<figcaption>Vista de la Ermita de Bascu\u00e9s<\/figcaption>\r\n<\/figure>\r\n<p>Poblado de varios fuegos que se diezm\u00f3 debido a la peste y m\u00e1s adelante se amort\u00f3 refugi\u00e1ndose en Casbas su \u00faltima vecina y anexion\u00e1ndose as\u00ed a su t\u00e9rmino municipal.<\/p>\r\n<p>&nbsp;<\/p>\r\n<figure><img loading=\"lazy\" src=\"https:\/\/guaracentral.com\/blog\/wp-content\/uploads\/2021\/05\/ouerta_bascues-1-1024x576.jpg\" sizes=\"(max-width: 640px) 100vw, 640px\" srcset=\"https:\/\/guaracentral.com\/blog\/wp-content\/uploads\/2021\/05\/ouerta_bascues-1-1024x576.jpg 1024w, https:\/\/guaracentral.com\/blog\/wp-content\/uploads\/2021\/05\/ouerta_bascues-1-300x169.jpg 300w, https:\/\/guaracentral.com\/blog\/wp-content\/uploads\/2021\/05\/ouerta_bascues-1-768x432.jpg 768w, https:\/\/guaracentral.com\/blog\/wp-content\/uploads\/2021\/05\/ouerta_bascues-1-1536x864.jpg 1536w, https:\/\/guaracentral.com\/blog\/wp-content\/uploads\/2021\/05\/ouerta_bascues-1.jpg 1600w\" alt=\"\" width=\"640\" height=\"360\" \/>\r\n<figcaption>Puerta principal de la Ermita de Bascu\u00e9s<\/figcaption>\r\n<\/figure>\r\n<p>Se ubica en la margen derecha del barranco de las hoyas, a 2 Kms. de Casbas y cerca de las Fuentes de la Tejer\u00eda, los Avi\u00f1anales\u00a0 y Albar\u00edn.<\/p>\r\n<figure><img loading=\"lazy\" src=\"https:\/\/guaracentral.com\/blog\/wp-content\/uploads\/2021\/05\/barranco_hoyas-1-1024x768.jpg\" sizes=\"(max-width: 640px) 100vw, 640px\" srcset=\"https:\/\/guaracentral.com\/blog\/wp-content\/uploads\/2021\/05\/barranco_hoyas-1-1024x768.jpg 1024w, https:\/\/guaracentral.com\/blog\/wp-content\/uploads\/2021\/05\/barranco_hoyas-1-300x225.jpg 300w, https:\/\/guaracentral.com\/blog\/wp-content\/uploads\/2021\/05\/barranco_hoyas-1-768x576.jpg 768w, https:\/\/guaracentral.com\/blog\/wp-content\/uploads\/2021\/05\/barranco_hoyas-1-1536x1152.jpg 1536w, https:\/\/guaracentral.com\/blog\/wp-content\/uploads\/2021\/05\/barranco_hoyas-1.jpg 1600w\" alt=\"\" width=\"640\" height=\"480\" \/>\r\n<figcaption>Barranco de las Hoyas<\/figcaption>\r\n<\/figure>\r\n<p>Por su inter\u00e9s hist\u00f3rico y significaci\u00f3n religiosa motiva la afluencia de vecinos de Casbas el 2\u00ba domingo de mayo. Festividad local de la Virgen de Bascu\u00e9s.<\/p>\r\n<h3>Rutas que nos llevan<\/h3>\r\n<p>Se puede llegar a la Ermita de Bascu\u00e9s desde Junzano a trav\u00e9s de la rutas de Guara Central <a href=\"https:\/\/guaracentral.com\/ruta\/ruta-j7-guara-central-pozo-de-hielo-bascus-casbas-junzano\/18.html\" target=\"_blank\" rel=\"noopener\">J7<\/a>. Desde Sieso se puede llegar a trav\u00e9s de la ruta de Guara Central <a href=\"https:\/\/guaracentral.com\/ruta\/ruta-s5-guara-central-bascus-casbas-pozo-de-hielo-sieso\/23.html\" target=\"_blank\" rel=\"noopener\">S5<\/a>. Por \u00faltimo, desde Casbas se puede llegar a trav\u00e9s de la ruta <a href=\"https:\/\/guaracentral.com\/ruta\/ruta-c3-guara-central-ermita-de-bascus\/10.html\" target=\"_blank\" rel=\"noopener\">C3<\/a>.<\/p>\r\n<p><a href=\"http:\/\/sipca.hoyadehuesca.es\/index.php?option=com_content&amp;view=article&amp;id=269:casa-alpin&amp;catid=1545:casa&amp;Itemid=101\" target=\"_blank\" rel=\"noopener\">M\u00e1s informaci\u00f3n del SIPCA.<\/a><\/p>\r\n<p><a href=\"https:\/\/www.youtube.com\/watch?v=IL8CtqswYrI\" target=\"_blank\" rel=\"noopener\">Ver v\u00eddeo<\/a><\/p>","protected":false},"excerpt":{"rendered":"<p>&nbsp; Ermita de Bascu\u00e9s Su top\u00f3nimo de la ermita de Bascu\u00e9s es derivado de \u201cSe\u00f1or de Basquis\u201c, escrito por primera vez en tiempos de los romanos. Asentamiento\u00a0 medieval del que [&hellip;]<\/p>\n","protected":false},"author":2,"featured_media":647,"comment_status":"closed","ping_status":"closed","sticky":false,"template":"","format":"standard","meta":[],"categories":[13],"tags":[],"yoast_head":"<!-- This site is optimized with the Yoast SEO plugin v16.8 - https:\/\/yoast.com\/wordpress\/plugins\/seo\/ -->\n<title>Ermita de Bascu\u00e9s - Arquitectura religiosa - Guara Central<\/title>\n<meta name=\"description\" content=\"La ermita de Bascu\u00e9s pertenece al antiguo pueblo delmismo nombre, de gran importancia simb\u00f3lica para la zona y lugar de festividad local.\" \/>\n<meta name=\"robots\" content=\"index, follow, max-snippet:-1, max-image-preview:large, max-video-preview:-1\" \/>\n<link rel=\"canonical\" href=\"https:\/\/guaracentral.com\/blog\/ermita-bascues\/\" \/>\n<meta property=\"og:locale\" content=\"es_ES\" \/>\n<meta property=\"og:type\" content=\"article\" \/>\n<meta property=\"og:title\" content=\"Ermita de Bascu\u00e9s - Arquitectura religiosa - Guara Central\" \/>\n<meta property=\"og:description\" content=\"La ermita de Bascu\u00e9s pertenece al antiguo pueblo delmismo nombre, de gran importancia simb\u00f3lica para la zona y lugar de festividad local.\" \/>\n<meta property=\"og:url\" content=\"https:\/\/guaracentral.com\/blog\/ermita-bascues\/\" \/>\n<meta property=\"og:site_name\" content=\"Guara Central\" \/>\n<meta property=\"article:published_time\" content=\"2021-06-05T08:13:45+00:00\" \/>\n<meta property=\"article:modified_time\" content=\"2021-09-22T09:51:53+00:00\" \/>\n<meta property=\"og:image\" content=\"https:\/\/guaracentral.com\/blog\/wp-content\/uploads\/2021\/05\/principal_bascues.jpg\" \/>\n\t<meta property=\"og:image:width\" content=\"1600\" \/>\n\t<meta property=\"og:image:height\" content=\"900\" \/>\n<meta name=\"twitter:card\" content=\"summary_large_image\" \/>\n<meta name=\"twitter:label1\" content=\"Escrito por\" \/>\n\t<meta name=\"twitter:data1\" content=\"Guara\" \/>\n\t<meta name=\"twitter:label2\" content=\"Tiempo de lectura\" \/>\n\t<meta name=\"twitter:data2\" content=\"2 minutos\" \/>\n<script type=\"application\/ld+json\" class=\"yoast-schema-graph\">{\"@context\":\"https:\/\/schema.org\",\"@graph\":[{\"@type\":\"WebSite\",\"@id\":\"https:\/\/guaracentral.com\/blog\/#website\",\"url\":\"https:\/\/guaracentral.com\/blog\/\",\"name\":\"Guara Central\",\"description\":\"Rutas por la Sierra de Guara y entorno\",\"potentialAction\":[{\"@type\":\"SearchAction\",\"target\":{\"@type\":\"EntryPoint\",\"urlTemplate\":\"https:\/\/guaracentral.com\/blog\/?s={search_term_string}\"},\"query-input\":\"required name=search_term_string\"}],\"inLanguage\":\"es\"},{\"@type\":\"ImageObject\",\"@id\":\"https:\/\/guaracentral.com\/blog\/ermita-bascues\/#primaryimage\",\"inLanguage\":\"es\",\"url\":\"https:\/\/guaracentral.com\/blog\/wp-content\/uploads\/2021\/05\/principal_bascues.jpg\",\"contentUrl\":\"https:\/\/guaracentral.com\/blog\/wp-content\/uploads\/2021\/05\/principal_bascues.jpg\",\"width\":1600,\"height\":900},{\"@type\":\"WebPage\",\"@id\":\"https:\/\/guaracentral.com\/blog\/ermita-bascues\/#webpage\",\"url\":\"https:\/\/guaracentral.com\/blog\/ermita-bascues\/\",\"name\":\"Ermita de Bascu\\u00e9s - Arquitectura religiosa - Guara Central\",\"isPartOf\":{\"@id\":\"https:\/\/guaracentral.com\/blog\/#website\"},\"primaryImageOfPage\":{\"@id\":\"https:\/\/guaracentral.com\/blog\/ermita-bascues\/#primaryimage\"},\"datePublished\":\"2021-06-05T08:13:45+00:00\",\"dateModified\":\"2021-09-22T09:51:53+00:00\",\"author\":{\"@id\":\"https:\/\/guaracentral.com\/blog\/#\/schema\/person\/f62fa1637ca5d7b4200dba911e18f6cd\"},\"description\":\"La ermita de Bascu\\u00e9s pertenece al antiguo pueblo delmismo nombre, de gran importancia simb\\u00f3lica para la zona y lugar de festividad local.\",\"breadcrumb\":{\"@id\":\"https:\/\/guaracentral.com\/blog\/ermita-bascues\/#breadcrumb\"},\"inLanguage\":\"es\",\"potentialAction\":[{\"@type\":\"ReadAction\",\"target\":[\"https:\/\/guaracentral.com\/blog\/ermita-bascues\/\"]}]},{\"@type\":\"BreadcrumbList\",\"@id\":\"https:\/\/guaracentral.com\/blog\/ermita-bascues\/#breadcrumb\",\"itemListElement\":[{\"@type\":\"ListItem\",\"position\":1,\"name\":\"Portada\",\"item\":\"https:\/\/guaracentral.com\/blog\/\"},{\"@type\":\"ListItem\",\"position\":2,\"name\":\"Ermita de Bascu\\u00e9s\"}]},{\"@type\":\"Person\",\"@id\":\"https:\/\/guaracentral.com\/blog\/#\/schema\/person\/f62fa1637ca5d7b4200dba911e18f6cd\",\"name\":\"Guara\",\"url\":\"https:\/\/guaracentral.com\/blog\/author\/infoguaracentral-es\/\"}]}<\/script>\n<!-- \/ Yoast SEO plugin. -->","yoast_head_json":{"title":"Ermita de Bascu\u00e9s - Arquitectura religiosa - Guara Central","description":"La ermita de Bascu\u00e9s pertenece al antiguo pueblo delmismo nombre, de gran importancia simb\u00f3lica para la zona y lugar de festividad local.","robots":{"index":"index","follow":"follow","max-snippet":"max-snippet:-1","max-image-preview":"max-image-preview:large","max-video-preview":"max-video-preview:-1"},"canonical":"https:\/\/guaracentral.com\/blog\/ermita-bascues\/","og_locale":"es_ES","og_type":"article","og_title":"Ermita de Bascu\u00e9s - Arquitectura religiosa - Guara Central","og_description":"La ermita de Bascu\u00e9s pertenece al antiguo pueblo delmismo nombre, de gran importancia simb\u00f3lica para la zona y lugar de festividad local.","og_url":"https:\/\/guaracentral.com\/blog\/ermita-bascues\/","og_site_name":"Guara Central","article_published_time":"2021-06-05T08:13:45+00:00","article_modified_time":"2021-09-22T09:51:53+00:00","og_image":[{"width":1600,"height":900,"url":"https:\/\/guaracentral.com\/blog\/wp-content\/uploads\/2021\/05\/principal_bascues.jpg","path":"\/var\/www\/vhosts\/guaracentral.com\/httpdocs\/blog\/wp-content\/uploads\/2021\/05\/principal_bascues.jpg","size":"full","id":647,"alt":"","pixels":1440000,"type":"image\/jpeg"}],"twitter_card":"summary_large_image","twitter_misc":{"Escrito por":"Guara","Tiempo de lectura":"2 minutos"},"schema":{"@context":"https:\/\/schema.org","@graph":[{"@type":"WebSite","@id":"https:\/\/guaracentral.com\/blog\/#website","url":"https:\/\/guaracentral.com\/blog\/","name":"Guara Central","description":"Rutas por la Sierra de Guara y entorno","potentialAction":[{"@type":"SearchAction","target":{"@type":"EntryPoint","urlTemplate":"https:\/\/guaracentral.com\/blog\/?s={search_term_string}"},"query-input":"required name=search_term_string"}],"inLanguage":"es"},{"@type":"ImageObject","@id":"https:\/\/guaracentral.com\/blog\/ermita-bascues\/#primaryimage","inLanguage":"es","url":"https:\/\/guaracentral.com\/blog\/wp-content\/uploads\/2021\/05\/principal_bascues.jpg","contentUrl":"https:\/\/guaracentral.com\/blog\/wp-content\/uploads\/2021\/05\/principal_bascues.jpg","width":1600,"height":900},{"@type":"WebPage","@id":"https:\/\/guaracentral.com\/blog\/ermita-bascues\/#webpage","url":"https:\/\/guaracentral.com\/blog\/ermita-bascues\/","name":"Ermita de Bascu\u00e9s - Arquitectura religiosa - Guara Central","isPartOf":{"@id":"https:\/\/guaracentral.com\/blog\/#website"},"primaryImageOfPage":{"@id":"https:\/\/guaracentral.com\/blog\/ermita-bascues\/#primaryimage"},"datePublished":"2021-06-05T08:13:45+00:00","dateModified":"2021-09-22T09:51:53+00:00","author":{"@id":"https:\/\/guaracentral.com\/blog\/#\/schema\/person\/f62fa1637ca5d7b4200dba911e18f6cd"},"description":"La ermita de Bascu\u00e9s pertenece al antiguo pueblo delmismo nombre, de gran importancia simb\u00f3lica para la zona y lugar de festividad local.","breadcrumb":{"@id":"https:\/\/guaracentral.com\/blog\/ermita-bascues\/#breadcrumb"},"inLanguage":"es","potentialAction":[{"@type":"ReadAction","target":["https:\/\/guaracentral.com\/blog\/ermita-bascues\/"]}]},{"@type":"BreadcrumbList","@id":"https:\/\/guaracentral.com\/blog\/ermita-bascues\/#breadcrumb","itemListElement":[{"@type":"ListItem","position":1,"name":"Portada","item":"https:\/\/guaracentral.com\/blog\/"},{"@type":"ListItem","position":2,"name":"Ermita de Bascu\u00e9s"}]},{"@type":"Person","@id":"https:\/\/guaracentral.com\/blog\/#\/schema\/person\/f62fa1637ca5d7b4200dba911e18f6cd","name":"Guara","url":"https:\/\/guaracentral.com\/blog\/author\/infoguaracentral-es\/"}]}},"_links":{"self":[{"href":"https:\/\/guaracentral.com\/blog\/wp-json\/wp\/v2\/posts\/635"}],"collection":[{"href":"https:\/\/guaracentral.com\/blog\/wp-json\/wp\/v2\/posts"}],"about":[{"href":"https:\/\/guaracentral.com\/blog\/wp-json\/wp\/v2\/types\/post"}],"author":[{"embeddable":true,"href":"https:\/\/guaracentral.com\/blog\/wp-json\/wp\/v2\/users\/2"}],"replies":[{"embeddable":true,"href":"https:\/\/guaracentral.com\/blog\/wp-json\/wp\/v2\/comments?post=635"}],"version-history":[{"count":36,"href":"https:\/\/guaracentral.com\/blog\/wp-json\/wp\/v2\/posts\/635\/revisions"}],"predecessor-version":[{"id":1727,"href":"https:\/\/guaracentral.com\/blog\/wp-json\/wp\/v2\/posts\/635\/revisions\/1727"}],"wp:featuredmedia":[{"embeddable":true,"href":"https:\/\/guaracentral.com\/blog\/wp-json\/wp\/v2\/media\/647"}],"wp:attachment":[{"href":"https:\/\/guaracentral.com\/blog\/wp-json\/wp\/v2\/media?parent=635"}],"wp:term":[{"taxonomy":"category","embeddable":true,"href":"https:\/\/guaracentral.com\/blog\/wp-json\/wp\/v2\/categories?post=635"},{"taxonomy":"post_tag","embeddable":true,"href":"https:\/\/guaracentral.com\/blog\/wp-json\/wp\/v2\/tags?post=635"}],"curies":[{"name":"wp","href":"https:\/\/api.w.org\/{rel}","templated":true}]}}