{"id":1840,"date":"2022-07-24T17:37:40","date_gmt":"2022-07-24T15:37:40","guid":{"rendered":"https:\/\/guaracentral.com\/blog\/?p=1840"},"modified":"2022-07-24T17:37:40","modified_gmt":"2022-07-24T15:37:40","slug":"pico-fragineto","status":"publish","type":"post","link":"https:\/\/guaracentral.com\/blog\/pico-fragineto\/","title":{"rendered":"Pico Fragineto"},"content":{"rendered":"<p>El pico Fragineto (o pico de las canales de Fragineto), denominado como Fraxinito en fabla aragonesa, es como un camale\u00f3n. Cuando circulamos por la carretera N240 desde Huesca hacia <a href=\"https:\/\/guaracentral.com\/blog\/villa-de-angues\/\" target=\"_blank\" rel=\"noopener\">Ang\u00fces<\/a> su aspecto cambia de tal manera que a veces parecen monta\u00f1as diferentes. Desde las inmediaciones de Loporzano vemos una cumbre afilada y abrupta a la que casi parecer\u00eda imposible subir sin escalar en alg\u00fan momento (lo cierto es que hay que echar las manos unas cuantas veces), sin embargo, desde <a href=\"https:\/\/guaracentral.com\/blog\/casbas-huesca-pueblos-entornos\/\" target=\"_blank\" rel=\"noopener\">Casbas de Huesca<\/a> casi parece una loma con un peque\u00f1o promontorio.<\/p>\n<figure><img loading=\"lazy\" src=\"https:\/\/guaracentral.com\/blog\/wp-content\/uploads\/2022\/07\/tozal_guara-1024x768.jpg\" sizes=\"(max-width: 640px) 100vw, 640px\" srcset=\"https:\/\/guaracentral.com\/blog\/wp-content\/uploads\/2022\/07\/tozal_guara-1024x768.jpg 1024w, https:\/\/guaracentral.com\/blog\/wp-content\/uploads\/2022\/07\/tozal_guara-300x225.jpg 300w, https:\/\/guaracentral.com\/blog\/wp-content\/uploads\/2022\/07\/tozal_guara-768x576.jpg 768w, https:\/\/guaracentral.com\/blog\/wp-content\/uploads\/2022\/07\/tozal_guara-1536x1152.jpg 1536w, https:\/\/guaracentral.com\/blog\/wp-content\/uploads\/2022\/07\/tozal_guara.jpg 1600w\" alt=\"\" width=\"640\" height=\"480\" \/><figcaption>El Tozal de Guara, elemento geogr\u00e1fico mencionado<\/figcaption><\/figure>\n<p>Esto se debe a que se trata de una cumbre en forma de arista afilada. Su ascenso es uno de los m\u00e1s bonitos de la sierra y requiere un cierto nivel de concentraci\u00f3n en las partes m\u00e1s estrechas. Se puede acceder desde la Tejer\u00eda, siguiendo el camino del <a href=\"https:\/\/guaracentral.com\/blog\/tozal-de-guara\/\" target=\"_blank\" rel=\"noopener\">Tozal<\/a> para desviarnos a la izquierda despu\u00e9s de pasar el tramo de las gargantas, ah\u00ed empezaremos un serio desnivel que pasa por el Cuello de Lizana y que culminar\u00e1 en esa espectacular arista con el embalse y los mallos de Vadiello, muy abajo, m\u00e1s de mil metros, a nuestro lado izquierdo. Ver ruta <a href=\"https:\/\/guaracentral.com\/ruta\/ruta-p11-guara-central-fragineto-y-petreales\/44.html\" target=\"_blank\" rel=\"noopener\">P11<\/a> en nuestra web.<\/p>\n<figure><img loading=\"lazy\" src=\"https:\/\/guaracentral.com\/blog\/wp-content\/uploads\/2022\/07\/pico_fraxi.jpg\" sizes=\"(max-width: 640px) 100vw, 640px\" srcset=\"https:\/\/guaracentral.com\/blog\/wp-content\/uploads\/2022\/07\/pico_fraxi.jpg 1013w, https:\/\/guaracentral.com\/blog\/wp-content\/uploads\/2022\/07\/pico_fraxi-300x189.jpg 300w, https:\/\/guaracentral.com\/blog\/wp-content\/uploads\/2022\/07\/pico_fraxi-768x484.jpg 768w, https:\/\/guaracentral.com\/blog\/wp-content\/uploads\/2022\/07\/pico_fraxi-542x340.jpg 542w\" alt=\"\" width=\"640\" height=\"403\" \/><figcaption>Fotograf\u00eda hecha desde la cresta hacia el pico Fragineto.<\/figcaption><\/figure>\n<p>Otra opci\u00f3n ser\u00eda seguir hasta el collado de Petre\u00f1ales para llegar desde el norte, pasando por la punta Corcurezo hasta\u00a0la cumbre de Fragineto, a 1750 metros sobre el nivel del mar, esta \u00faltima opci\u00f3n es\u00a0menos escarpada.<\/p>\n<figure><img loading=\"lazy\" src=\"https:\/\/guaracentral.com\/blog\/wp-content\/uploads\/2022\/07\/arista_fragineto-1024x768.jpg\" sizes=\"(max-width: 640px) 100vw, 640px\" srcset=\"https:\/\/guaracentral.com\/blog\/wp-content\/uploads\/2022\/07\/arista_fragineto-1024x768.jpg 1024w, https:\/\/guaracentral.com\/blog\/wp-content\/uploads\/2022\/07\/arista_fragineto-300x225.jpg 300w, https:\/\/guaracentral.com\/blog\/wp-content\/uploads\/2022\/07\/arista_fragineto-768x576.jpg 768w, https:\/\/guaracentral.com\/blog\/wp-content\/uploads\/2022\/07\/arista_fragineto-1536x1152.jpg 1536w, https:\/\/guaracentral.com\/blog\/wp-content\/uploads\/2022\/07\/arista_fragineto.jpg 1600w\" alt=\"\" width=\"640\" height=\"480\" \/><figcaption>Arista del Pico Fragineto<\/figcaption><\/figure>\n","protected":false},"excerpt":{"rendered":"<p>El pico Fragineto (o pico de las canales de Fragineto), denominado como Fraxinito en fabla aragonesa, es como un camale\u00f3n. Cuando circulamos por la carretera N240 desde Huesca hacia Ang\u00fces [&hellip;]<\/p>\n","protected":false},"author":2,"featured_media":2001,"comment_status":"closed","ping_status":"closed","sticky":false,"template":"","format":"standard","meta":[],"categories":[17],"tags":[],"yoast_head":"<!-- This site is optimized with the Yoast SEO plugin v16.8 - https:\/\/yoast.com\/wordpress\/plugins\/seo\/ -->\n<title>Pico Fragineto - Patrimonio y naturaleza -Guara Central<\/title>\n<meta name=\"description\" content=\"El pico Fragineto (o pico de las canales de Fragineto) es como un camale\u00f3n cuando circulamos por la carretera N240 desde Huesca hacia Ang\u00fces.\" \/>\n<meta name=\"robots\" content=\"index, follow, max-snippet:-1, max-image-preview:large, max-video-preview:-1\" \/>\n<link rel=\"canonical\" href=\"https:\/\/guaracentral.com\/blog\/pico-fragineto\/\" \/>\n<meta property=\"og:locale\" content=\"es_ES\" \/>\n<meta property=\"og:type\" content=\"article\" \/>\n<meta property=\"og:title\" content=\"Pico Fragineto - Patrimonio y naturaleza -Guara Central\" \/>\n<meta property=\"og:description\" content=\"El pico Fragineto (o pico de las canales de Fragineto) es como un camale\u00f3n cuando circulamos por la carretera N240 desde Huesca hacia Ang\u00fces.\" \/>\n<meta property=\"og:url\" content=\"https:\/\/guaracentral.com\/blog\/pico-fragineto\/\" \/>\n<meta property=\"og:site_name\" content=\"Guara Central\" \/>\n<meta property=\"article:published_time\" content=\"2022-07-24T15:37:40+00:00\" \/>\n<meta property=\"og:image\" content=\"https:\/\/guaracentral.com\/blog\/wp-content\/uploads\/2022\/07\/pico_fraxi-1.jpg\" \/>\n\t<meta property=\"og:image:width\" content=\"1013\" \/>\n\t<meta property=\"og:image:height\" content=\"638\" \/>\n<meta name=\"twitter:card\" content=\"summary_large_image\" \/>\n<meta name=\"twitter:label1\" content=\"Escrito por\" \/>\n\t<meta name=\"twitter:data1\" content=\"Guara\" \/>\n\t<meta name=\"twitter:label2\" content=\"Tiempo de lectura\" \/>\n\t<meta name=\"twitter:data2\" content=\"2 minutos\" \/>\n<script type=\"application\/ld+json\" class=\"yoast-schema-graph\">{\"@context\":\"https:\/\/schema.org\",\"@graph\":[{\"@type\":\"WebSite\",\"@id\":\"https:\/\/guaracentral.com\/blog\/#website\",\"url\":\"https:\/\/guaracentral.com\/blog\/\",\"name\":\"Guara Central\",\"description\":\"Rutas por la Sierra de Guara y entorno\",\"potentialAction\":[{\"@type\":\"SearchAction\",\"target\":{\"@type\":\"EntryPoint\",\"urlTemplate\":\"https:\/\/guaracentral.com\/blog\/?s={search_term_string}\"},\"query-input\":\"required name=search_term_string\"}],\"inLanguage\":\"es\"},{\"@type\":\"ImageObject\",\"@id\":\"https:\/\/guaracentral.com\/blog\/pico-fragineto\/#primaryimage\",\"inLanguage\":\"es\",\"url\":\"https:\/\/guaracentral.com\/blog\/wp-content\/uploads\/2022\/07\/pico_fraxi-1.jpg\",\"contentUrl\":\"https:\/\/guaracentral.com\/blog\/wp-content\/uploads\/2022\/07\/pico_fraxi-1.jpg\",\"width\":1013,\"height\":638},{\"@type\":\"WebPage\",\"@id\":\"https:\/\/guaracentral.com\/blog\/pico-fragineto\/#webpage\",\"url\":\"https:\/\/guaracentral.com\/blog\/pico-fragineto\/\",\"name\":\"Pico Fragineto - Patrimonio y naturaleza -Guara Central\",\"isPartOf\":{\"@id\":\"https:\/\/guaracentral.com\/blog\/#website\"},\"primaryImageOfPage\":{\"@id\":\"https:\/\/guaracentral.com\/blog\/pico-fragineto\/#primaryimage\"},\"datePublished\":\"2022-07-24T15:37:40+00:00\",\"dateModified\":\"2022-07-24T15:37:40+00:00\",\"author\":{\"@id\":\"https:\/\/guaracentral.com\/blog\/#\/schema\/person\/f62fa1637ca5d7b4200dba911e18f6cd\"},\"description\":\"El pico Fragineto (o pico de las canales de Fragineto) es como un camale\\u00f3n cuando circulamos por la carretera N240 desde Huesca hacia Ang\\u00fces.\",\"breadcrumb\":{\"@id\":\"https:\/\/guaracentral.com\/blog\/pico-fragineto\/#breadcrumb\"},\"inLanguage\":\"es\",\"potentialAction\":[{\"@type\":\"ReadAction\",\"target\":[\"https:\/\/guaracentral.com\/blog\/pico-fragineto\/\"]}]},{\"@type\":\"BreadcrumbList\",\"@id\":\"https:\/\/guaracentral.com\/blog\/pico-fragineto\/#breadcrumb\",\"itemListElement\":[{\"@type\":\"ListItem\",\"position\":1,\"name\":\"Portada\",\"item\":\"https:\/\/guaracentral.com\/blog\/\"},{\"@type\":\"ListItem\",\"position\":2,\"name\":\"Pico Fragineto\"}]},{\"@type\":\"Person\",\"@id\":\"https:\/\/guaracentral.com\/blog\/#\/schema\/person\/f62fa1637ca5d7b4200dba911e18f6cd\",\"name\":\"Guara\",\"url\":\"https:\/\/guaracentral.com\/blog\/author\/infoguaracentral-es\/\"}]}<\/script>\n<!-- \/ Yoast SEO plugin. -->","yoast_head_json":{"title":"Pico Fragineto - Patrimonio y naturaleza -Guara Central","description":"El pico Fragineto (o pico de las canales de Fragineto) es como un camale\u00f3n cuando circulamos por la carretera N240 desde Huesca hacia Ang\u00fces.","robots":{"index":"index","follow":"follow","max-snippet":"max-snippet:-1","max-image-preview":"max-image-preview:large","max-video-preview":"max-video-preview:-1"},"canonical":"https:\/\/guaracentral.com\/blog\/pico-fragineto\/","og_locale":"es_ES","og_type":"article","og_title":"Pico Fragineto - Patrimonio y naturaleza -Guara Central","og_description":"El pico Fragineto (o pico de las canales de Fragineto) es como un camale\u00f3n cuando circulamos por la carretera N240 desde Huesca hacia Ang\u00fces.","og_url":"https:\/\/guaracentral.com\/blog\/pico-fragineto\/","og_site_name":"Guara Central","article_published_time":"2022-07-24T15:37:40+00:00","og_image":[{"width":1013,"height":638,"url":"https:\/\/guaracentral.com\/blog\/wp-content\/uploads\/2022\/07\/pico_fraxi-1.jpg","path":"\/var\/www\/vhosts\/guaracentral.com\/httpdocs\/blog\/wp-content\/uploads\/2022\/07\/pico_fraxi-1.jpg","size":"full","id":2001,"alt":"","pixels":646294,"type":"image\/jpeg"}],"twitter_card":"summary_large_image","twitter_misc":{"Escrito por":"Guara","Tiempo de lectura":"2 minutos"},"schema":{"@context":"https:\/\/schema.org","@graph":[{"@type":"WebSite","@id":"https:\/\/guaracentral.com\/blog\/#website","url":"https:\/\/guaracentral.com\/blog\/","name":"Guara Central","description":"Rutas por la Sierra de Guara y entorno","potentialAction":[{"@type":"SearchAction","target":{"@type":"EntryPoint","urlTemplate":"https:\/\/guaracentral.com\/blog\/?s={search_term_string}"},"query-input":"required name=search_term_string"}],"inLanguage":"es"},{"@type":"ImageObject","@id":"https:\/\/guaracentral.com\/blog\/pico-fragineto\/#primaryimage","inLanguage":"es","url":"https:\/\/guaracentral.com\/blog\/wp-content\/uploads\/2022\/07\/pico_fraxi-1.jpg","contentUrl":"https:\/\/guaracentral.com\/blog\/wp-content\/uploads\/2022\/07\/pico_fraxi-1.jpg","width":1013,"height":638},{"@type":"WebPage","@id":"https:\/\/guaracentral.com\/blog\/pico-fragineto\/#webpage","url":"https:\/\/guaracentral.com\/blog\/pico-fragineto\/","name":"Pico Fragineto - Patrimonio y naturaleza -Guara Central","isPartOf":{"@id":"https:\/\/guaracentral.com\/blog\/#website"},"primaryImageOfPage":{"@id":"https:\/\/guaracentral.com\/blog\/pico-fragineto\/#primaryimage"},"datePublished":"2022-07-24T15:37:40+00:00","dateModified":"2022-07-24T15:37:40+00:00","author":{"@id":"https:\/\/guaracentral.com\/blog\/#\/schema\/person\/f62fa1637ca5d7b4200dba911e18f6cd"},"description":"El pico Fragineto (o pico de las canales de Fragineto) es como un camale\u00f3n cuando circulamos por la carretera N240 desde Huesca hacia Ang\u00fces.","breadcrumb":{"@id":"https:\/\/guaracentral.com\/blog\/pico-fragineto\/#breadcrumb"},"inLanguage":"es","potentialAction":[{"@type":"ReadAction","target":["https:\/\/guaracentral.com\/blog\/pico-fragineto\/"]}]},{"@type":"BreadcrumbList","@id":"https:\/\/guaracentral.com\/blog\/pico-fragineto\/#breadcrumb","itemListElement":[{"@type":"ListItem","position":1,"name":"Portada","item":"https:\/\/guaracentral.com\/blog\/"},{"@type":"ListItem","position":2,"name":"Pico Fragineto"}]},{"@type":"Person","@id":"https:\/\/guaracentral.com\/blog\/#\/schema\/person\/f62fa1637ca5d7b4200dba911e18f6cd","name":"Guara","url":"https:\/\/guaracentral.com\/blog\/author\/infoguaracentral-es\/"}]}},"_links":{"self":[{"href":"https:\/\/guaracentral.com\/blog\/wp-json\/wp\/v2\/posts\/1840"}],"collection":[{"href":"https:\/\/guaracentral.com\/blog\/wp-json\/wp\/v2\/posts"}],"about":[{"href":"https:\/\/guaracentral.com\/blog\/wp-json\/wp\/v2\/types\/post"}],"author":[{"embeddable":true,"href":"https:\/\/guaracentral.com\/blog\/wp-json\/wp\/v2\/users\/2"}],"replies":[{"embeddable":true,"href":"https:\/\/guaracentral.com\/blog\/wp-json\/wp\/v2\/comments?post=1840"}],"version-history":[{"count":42,"href":"https:\/\/guaracentral.com\/blog\/wp-json\/wp\/v2\/posts\/1840\/revisions"}],"predecessor-version":[{"id":2040,"href":"https:\/\/guaracentral.com\/blog\/wp-json\/wp\/v2\/posts\/1840\/revisions\/2040"}],"wp:featuredmedia":[{"embeddable":true,"href":"https:\/\/guaracentral.com\/blog\/wp-json\/wp\/v2\/media\/2001"}],"wp:attachment":[{"href":"https:\/\/guaracentral.com\/blog\/wp-json\/wp\/v2\/media?parent=1840"}],"wp:term":[{"taxonomy":"category","embeddable":true,"href":"https:\/\/guaracentral.com\/blog\/wp-json\/wp\/v2\/categories?post=1840"},{"taxonomy":"post_tag","embeddable":true,"href":"https:\/\/guaracentral.com\/blog\/wp-json\/wp\/v2\/tags?post=1840"}],"curies":[{"name":"wp","href":"https:\/\/api.w.org\/{rel}","templated":true}]}}