{"id":1830,"date":"2022-07-15T18:58:07","date_gmt":"2022-07-15T16:58:07","guid":{"rendered":"https:\/\/guaracentral.com\/blog\/?p=1830"},"modified":"2022-07-15T18:58:07","modified_gmt":"2022-07-15T16:58:07","slug":"tozal-de-cubilars","status":"publish","type":"post","link":"https:\/\/guaracentral.com\/blog\/tozal-de-cubilars\/","title":{"rendered":"Tozal de Cubilars"},"content":{"rendered":"\t\t<div data-elementor-type=\"wp-post\" data-elementor-id=\"1830\" class=\"elementor elementor-1830\">\n\t\t\t\t\t\t<div class=\"elementor-inner\">\n\t\t\t\t<div class=\"elementor-section-wrap\">\n\t\t\t\t\t\t\t\t\t<section class=\"elementor-section elementor-top-section elementor-element elementor-element-4967903 elementor-section-boxed elementor-section-height-default elementor-section-height-default\" data-id=\"4967903\" data-element_type=\"section\">\n\t\t\t\t\t\t<div class=\"elementor-container elementor-column-gap-default\">\n\t\t\t\t\t\t\t<div class=\"elementor-row\">\n\t\t\t\t\t<div class=\"elementor-column elementor-col-100 elementor-top-column elementor-element elementor-element-a1bb935\" data-id=\"a1bb935\" data-element_type=\"column\">\n\t\t\t<div class=\"elementor-column-wrap elementor-element-populated\">\n\t\t\t\t\t\t\t<div class=\"elementor-widget-wrap\">\n\t\t\t\t\t\t<div class=\"elementor-element elementor-element-0552e5d elementor-widget elementor-widget-text-editor\" data-id=\"0552e5d\" data-element_type=\"widget\" data-widget_type=\"text-editor.default\">\n\t\t\t\t<div class=\"elementor-widget-container\">\n\t\t\t\t\t\t\t\t<div class=\"elementor-text-editor elementor-clearfix\">\n\t\t\t\t<h2><strong>Tozal de Cubilars<\/strong><\/h2>\n<p>El <strong>Tozal de Cubilars<\/strong> (en ocasiones llamado tambi\u00e9n <strong>Cubil\u00e1s<\/strong> o <strong>Cubillas<\/strong>, aunque parece que este top\u00f3nimo es err\u00f3neo) se levanta muy cerca de los <a href=\"https:\/\/guaracentral.com\/blog\/campo-de-dolinas-de-cupierlo\/\" target=\"_blank\" rel=\"noopener\"><strong>Llanos de Cupierlo<\/strong><\/a>, al Este del&nbsp;<a href=\"https:\/\/guaracentral.com\/blog\/tozal-de-guara\/\" target=\"_blank\" rel=\"noopener\">Tozal de Guara<\/a>. A veces, si se le observa desde el sureste, parece incluso m\u00e1s alto, pero mide 1940 metros sobre el nivel medio del mar, tan solo 130 metros menos que el Tozal de Guara, que es el m\u00e1s alto de la sierra. La <a href=\"https:\/\/ca.wikiloc.com\/rutes-senderisme\/sta-cilia-tozal-de-cubilars-cabezo-de-guara-virgen-de-la-sierra-bastaras-yaso-53817245\" target=\"_blank\" rel=\"noopener\">ruta de ascenso m\u00e1s com\u00fan<\/a>&nbsp;es desde Santa Cilia de Panzano (en nuestra web encontrar\u00e1s la&nbsp;<a href=\"https:\/\/guaracentral.com\/ruta\/ruta-sc5-tozal-de-cubillas-y-cabezo-de-guara\/40.html\" target=\"_blank\" rel=\"noopener\">ruta SC5 Tozal de Cubillas y Cabezo de Guara<\/a>&nbsp;que lleva a estos 2 picos en una circular), pero tambi\u00e9n se puede llegar desde Yaso, haciendo un largo Rodeo de la finca de Bastaras, o desde Used e incluso desde Pedruel.<\/p>\n<p>En la cumbre, de curvas suaves, encontraremos una caseta cerrada y una antena.<\/p>\n<h3>Aspectos de inter\u00e9s&nbsp;<\/h3>\n<p>El Tozal de Cubilars es una cumbre excelente para aquellos que quieran entrenar el desnivel (1100 metros aproximadamente) sin hacer necesariamente mucha distancia (unos 12 km ida y vuelta) o para aquellos que quieran tener unas magn\u00edficas vistas sobre los llanos de Cupierlo, la Grallera alta de Guara y el Cabezo, con el Pirineo como tel\u00f3n de fondo.<\/p>\t\t\t\t\t<\/div>\n\t\t\t\t\t\t<\/div>\n\t\t\t\t<\/div>\n\t\t\t\t<div class=\"elementor-element elementor-element-9cc5e27 elementor-widget elementor-widget-image\" data-id=\"9cc5e27\" data-element_type=\"widget\" data-widget_type=\"image.default\">\n\t\t\t\t<div class=\"elementor-widget-container\">\n\t\t\t\t\t\t\t\t<div class=\"elementor-image\">\n\t\t\t\t\t\t\t\t\t\t\t\t<img width=\"640\" height=\"243\" src=\"https:\/\/guaracentral.com\/blog\/wp-content\/uploads\/2022\/07\/CUBILLAS-1-e1657736026594-1024x388.jpg\" class=\"attachment-large size-large\" alt=\"\" loading=\"lazy\" srcset=\"https:\/\/guaracentral.com\/blog\/wp-content\/uploads\/2022\/07\/CUBILLAS-1-e1657736026594-1024x388.jpg 1024w, https:\/\/guaracentral.com\/blog\/wp-content\/uploads\/2022\/07\/CUBILLAS-1-e1657736026594-300x114.jpg 300w, https:\/\/guaracentral.com\/blog\/wp-content\/uploads\/2022\/07\/CUBILLAS-1-e1657736026594-768x291.jpg 768w, https:\/\/guaracentral.com\/blog\/wp-content\/uploads\/2022\/07\/CUBILLAS-1-e1657736026594-1536x582.jpg 1536w, https:\/\/guaracentral.com\/blog\/wp-content\/uploads\/2022\/07\/CUBILLAS-1-e1657736026594.jpg 1600w\" sizes=\"(max-width: 640px) 100vw, 640px\" \/>\t\t\t\t\t\t\t\t\t\t\t\t\t\t<\/div>\n\t\t\t\t\t\t<\/div>\n\t\t\t\t<\/div>\n\t\t\t\t\t\t<\/div>\n\t\t\t\t\t<\/div>\n\t\t<\/div>\n\t\t\t\t\t\t\t\t<\/div>\n\t\t\t\t\t<\/div>\n\t\t<\/section>\n\t\t\t\t\t\t\t\t\t<\/div>\n\t\t\t<\/div>\n\t\t\t\t\t<\/div>\n\t\t","protected":false},"excerpt":{"rendered":"<p>Tozal de Cubilars El Tozal de Cubilars (en ocasiones llamado tambi\u00e9n Cubil\u00e1s o Cubillas, aunque parece que este top\u00f3nimo es err\u00f3neo) se levanta muy cerca de los Llanos de Cupierlo, [&hellip;]<\/p>\n","protected":false},"author":2,"featured_media":1867,"comment_status":"closed","ping_status":"closed","sticky":false,"template":"","format":"standard","meta":[],"categories":[17],"tags":[],"yoast_head":"<!-- This site is optimized with the Yoast SEO plugin v16.8 - https:\/\/yoast.com\/wordpress\/plugins\/seo\/ -->\n<title>Tozal de Cubilars - Sierra de Guara - Guara Central<\/title>\n<meta name=\"description\" content=\"El Tozal de Cubilars, al Este del Tozal de Guara, es una cumbre excelente para aquellos que quieran entrenar el desnivel.\" \/>\n<meta name=\"robots\" content=\"index, follow, max-snippet:-1, max-image-preview:large, max-video-preview:-1\" \/>\n<link rel=\"canonical\" href=\"https:\/\/guaracentral.com\/blog\/tozal-de-cubilars\/\" \/>\n<meta property=\"og:locale\" content=\"es_ES\" \/>\n<meta property=\"og:type\" content=\"article\" \/>\n<meta property=\"og:title\" content=\"Tozal de Cubilars - Sierra de Guara - Guara Central\" \/>\n<meta property=\"og:description\" content=\"El Tozal de Cubilars, al Este del Tozal de Guara, es una cumbre excelente para aquellos que quieran entrenar el desnivel.\" \/>\n<meta property=\"og:url\" content=\"https:\/\/guaracentral.com\/blog\/tozal-de-cubilars\/\" \/>\n<meta property=\"og:site_name\" content=\"Guara Central\" \/>\n<meta property=\"article:published_time\" content=\"2022-07-15T16:58:07+00:00\" \/>\n<meta property=\"og:image\" content=\"https:\/\/guaracentral.com\/blog\/wp-content\/uploads\/2022\/07\/Cubillas-2.jpg\" \/>\n\t<meta property=\"og:image:width\" content=\"923\" \/>\n\t<meta property=\"og:image:height\" content=\"543\" \/>\n<meta name=\"twitter:card\" content=\"summary_large_image\" \/>\n<meta name=\"twitter:label1\" content=\"Escrito por\" \/>\n\t<meta name=\"twitter:data1\" content=\"Guara\" \/>\n\t<meta name=\"twitter:label2\" content=\"Tiempo de lectura\" \/>\n\t<meta name=\"twitter:data2\" content=\"2 minutos\" \/>\n<script type=\"application\/ld+json\" class=\"yoast-schema-graph\">{\"@context\":\"https:\/\/schema.org\",\"@graph\":[{\"@type\":\"WebSite\",\"@id\":\"https:\/\/guaracentral.com\/blog\/#website\",\"url\":\"https:\/\/guaracentral.com\/blog\/\",\"name\":\"Guara Central\",\"description\":\"Rutas por la Sierra de Guara y entorno\",\"potentialAction\":[{\"@type\":\"SearchAction\",\"target\":{\"@type\":\"EntryPoint\",\"urlTemplate\":\"https:\/\/guaracentral.com\/blog\/?s={search_term_string}\"},\"query-input\":\"required name=search_term_string\"}],\"inLanguage\":\"es\"},{\"@type\":\"ImageObject\",\"@id\":\"https:\/\/guaracentral.com\/blog\/tozal-de-cubilars\/#primaryimage\",\"inLanguage\":\"es\",\"url\":\"https:\/\/guaracentral.com\/blog\/wp-content\/uploads\/2022\/07\/Cubillas-2.jpg\",\"contentUrl\":\"https:\/\/guaracentral.com\/blog\/wp-content\/uploads\/2022\/07\/Cubillas-2.jpg\",\"width\":923,\"height\":543,\"caption\":\"Cima Tozal de Cubilars\"},{\"@type\":\"WebPage\",\"@id\":\"https:\/\/guaracentral.com\/blog\/tozal-de-cubilars\/#webpage\",\"url\":\"https:\/\/guaracentral.com\/blog\/tozal-de-cubilars\/\",\"name\":\"Tozal de Cubilars - Sierra de Guara - Guara Central\",\"isPartOf\":{\"@id\":\"https:\/\/guaracentral.com\/blog\/#website\"},\"primaryImageOfPage\":{\"@id\":\"https:\/\/guaracentral.com\/blog\/tozal-de-cubilars\/#primaryimage\"},\"datePublished\":\"2022-07-15T16:58:07+00:00\",\"dateModified\":\"2022-07-15T16:58:07+00:00\",\"author\":{\"@id\":\"https:\/\/guaracentral.com\/blog\/#\/schema\/person\/f62fa1637ca5d7b4200dba911e18f6cd\"},\"description\":\"El Tozal de Cubilars, al Este del Tozal de Guara, es una cumbre excelente para aquellos que quieran entrenar el desnivel.\",\"breadcrumb\":{\"@id\":\"https:\/\/guaracentral.com\/blog\/tozal-de-cubilars\/#breadcrumb\"},\"inLanguage\":\"es\",\"potentialAction\":[{\"@type\":\"ReadAction\",\"target\":[\"https:\/\/guaracentral.com\/blog\/tozal-de-cubilars\/\"]}]},{\"@type\":\"BreadcrumbList\",\"@id\":\"https:\/\/guaracentral.com\/blog\/tozal-de-cubilars\/#breadcrumb\",\"itemListElement\":[{\"@type\":\"ListItem\",\"position\":1,\"name\":\"Portada\",\"item\":\"https:\/\/guaracentral.com\/blog\/\"},{\"@type\":\"ListItem\",\"position\":2,\"name\":\"Tozal de Cubilars\"}]},{\"@type\":\"Person\",\"@id\":\"https:\/\/guaracentral.com\/blog\/#\/schema\/person\/f62fa1637ca5d7b4200dba911e18f6cd\",\"name\":\"Guara\",\"url\":\"https:\/\/guaracentral.com\/blog\/author\/infoguaracentral-es\/\"}]}<\/script>\n<!-- \/ Yoast SEO plugin. -->","yoast_head_json":{"title":"Tozal de Cubilars - Sierra de Guara - Guara Central","description":"El Tozal de Cubilars, al Este del Tozal de Guara, es una cumbre excelente para aquellos que quieran entrenar el desnivel.","robots":{"index":"index","follow":"follow","max-snippet":"max-snippet:-1","max-image-preview":"max-image-preview:large","max-video-preview":"max-video-preview:-1"},"canonical":"https:\/\/guaracentral.com\/blog\/tozal-de-cubilars\/","og_locale":"es_ES","og_type":"article","og_title":"Tozal de Cubilars - Sierra de Guara - Guara Central","og_description":"El Tozal de Cubilars, al Este del Tozal de Guara, es una cumbre excelente para aquellos que quieran entrenar el desnivel.","og_url":"https:\/\/guaracentral.com\/blog\/tozal-de-cubilars\/","og_site_name":"Guara Central","article_published_time":"2022-07-15T16:58:07+00:00","og_image":[{"width":923,"height":543,"url":"https:\/\/guaracentral.com\/blog\/wp-content\/uploads\/2022\/07\/Cubillas-2.jpg","path":"\/var\/www\/vhosts\/guaracentral.com\/httpdocs\/blog\/wp-content\/uploads\/2022\/07\/Cubillas-2.jpg","size":"full","id":1867,"alt":"Cima Tozal de Cubilars","pixels":501189,"type":"image\/jpeg"}],"twitter_card":"summary_large_image","twitter_misc":{"Escrito por":"Guara","Tiempo de lectura":"2 minutos"},"schema":{"@context":"https:\/\/schema.org","@graph":[{"@type":"WebSite","@id":"https:\/\/guaracentral.com\/blog\/#website","url":"https:\/\/guaracentral.com\/blog\/","name":"Guara Central","description":"Rutas por la Sierra de Guara y entorno","potentialAction":[{"@type":"SearchAction","target":{"@type":"EntryPoint","urlTemplate":"https:\/\/guaracentral.com\/blog\/?s={search_term_string}"},"query-input":"required name=search_term_string"}],"inLanguage":"es"},{"@type":"ImageObject","@id":"https:\/\/guaracentral.com\/blog\/tozal-de-cubilars\/#primaryimage","inLanguage":"es","url":"https:\/\/guaracentral.com\/blog\/wp-content\/uploads\/2022\/07\/Cubillas-2.jpg","contentUrl":"https:\/\/guaracentral.com\/blog\/wp-content\/uploads\/2022\/07\/Cubillas-2.jpg","width":923,"height":543,"caption":"Cima Tozal de Cubilars"},{"@type":"WebPage","@id":"https:\/\/guaracentral.com\/blog\/tozal-de-cubilars\/#webpage","url":"https:\/\/guaracentral.com\/blog\/tozal-de-cubilars\/","name":"Tozal de Cubilars - Sierra de Guara - Guara Central","isPartOf":{"@id":"https:\/\/guaracentral.com\/blog\/#website"},"primaryImageOfPage":{"@id":"https:\/\/guaracentral.com\/blog\/tozal-de-cubilars\/#primaryimage"},"datePublished":"2022-07-15T16:58:07+00:00","dateModified":"2022-07-15T16:58:07+00:00","author":{"@id":"https:\/\/guaracentral.com\/blog\/#\/schema\/person\/f62fa1637ca5d7b4200dba911e18f6cd"},"description":"El Tozal de Cubilars, al Este del Tozal de Guara, es una cumbre excelente para aquellos que quieran entrenar el desnivel.","breadcrumb":{"@id":"https:\/\/guaracentral.com\/blog\/tozal-de-cubilars\/#breadcrumb"},"inLanguage":"es","potentialAction":[{"@type":"ReadAction","target":["https:\/\/guaracentral.com\/blog\/tozal-de-cubilars\/"]}]},{"@type":"BreadcrumbList","@id":"https:\/\/guaracentral.com\/blog\/tozal-de-cubilars\/#breadcrumb","itemListElement":[{"@type":"ListItem","position":1,"name":"Portada","item":"https:\/\/guaracentral.com\/blog\/"},{"@type":"ListItem","position":2,"name":"Tozal de Cubilars"}]},{"@type":"Person","@id":"https:\/\/guaracentral.com\/blog\/#\/schema\/person\/f62fa1637ca5d7b4200dba911e18f6cd","name":"Guara","url":"https:\/\/guaracentral.com\/blog\/author\/infoguaracentral-es\/"}]}},"_links":{"self":[{"href":"https:\/\/guaracentral.com\/blog\/wp-json\/wp\/v2\/posts\/1830"}],"collection":[{"href":"https:\/\/guaracentral.com\/blog\/wp-json\/wp\/v2\/posts"}],"about":[{"href":"https:\/\/guaracentral.com\/blog\/wp-json\/wp\/v2\/types\/post"}],"author":[{"embeddable":true,"href":"https:\/\/guaracentral.com\/blog\/wp-json\/wp\/v2\/users\/2"}],"replies":[{"embeddable":true,"href":"https:\/\/guaracentral.com\/blog\/wp-json\/wp\/v2\/comments?post=1830"}],"version-history":[{"count":32,"href":"https:\/\/guaracentral.com\/blog\/wp-json\/wp\/v2\/posts\/1830\/revisions"}],"predecessor-version":[{"id":1969,"href":"https:\/\/guaracentral.com\/blog\/wp-json\/wp\/v2\/posts\/1830\/revisions\/1969"}],"wp:featuredmedia":[{"embeddable":true,"href":"https:\/\/guaracentral.com\/blog\/wp-json\/wp\/v2\/media\/1867"}],"wp:attachment":[{"href":"https:\/\/guaracentral.com\/blog\/wp-json\/wp\/v2\/media?parent=1830"}],"wp:term":[{"taxonomy":"category","embeddable":true,"href":"https:\/\/guaracentral.com\/blog\/wp-json\/wp\/v2\/categories?post=1830"},{"taxonomy":"post_tag","embeddable":true,"href":"https:\/\/guaracentral.com\/blog\/wp-json\/wp\/v2\/tags?post=1830"}],"curies":[{"name":"wp","href":"https:\/\/api.w.org\/{rel}","templated":true}]}}