{"id":1413,"date":"2021-08-22T13:44:31","date_gmt":"2021-08-22T11:44:31","guid":{"rendered":"https:\/\/guaracentral.com\/blog\/?p=1413"},"modified":"2021-08-22T13:44:31","modified_gmt":"2021-08-22T11:44:31","slug":"pena-san-chil","status":"publish","type":"post","link":"https:\/\/guaracentral.com\/blog\/pena-san-chil\/","title":{"rendered":"Pe\u00f1a San Chil"},"content":{"rendered":"<h3 style=\"text-align: center;\">PE\u00d1A SAN CHIL<\/h3>\n<p>Cuando observamos la pe\u00f1a San Chil, nos encontramos ante un afloramiento rocoso rodeado de peque\u00f1as carrascas. Este conjunto p\u00e9treo est\u00e1 formado por un estrato de arenisca las cuales cuentan con\u00a0 grandes dimensiones, individualizado mediante profundas fisuras. En el entorno inmediato que podemos encontrar, en un radio de 10 m aproximadamente, varias rocas individualizadas que se han disgregado u erosionado del mismo estrato.<br \/>\nEste afloramiento rocoso cuenta con\u00a0 5 cazoletas de diferente tama\u00f1o alineadas. Una de ellas, presenta una canaleta de evacuaci\u00f3n de l\u00edquidos, de 24 cm de largo y orientada al Sur Este.<br \/>\nPodemos ver tambi\u00e9n 3 posibles mechinales en la misma roca, en cuya cima se encuentran\u00a0 las cazoletas.<br \/>\nTambi\u00e9n se observa una profunda escotadura al norte, la cual cuenta con abundantes marcas de herramientas que parece corresponder a lo que era un\u00a0 habit\u00e1culo.<\/p>\n<figure id=\"attachment_1414\" aria-describedby=\"caption-attachment-1414\" style=\"width: 300px\" class=\"wp-caption aligncenter\"><img loading=\"lazy\" class=\"wp-image-1414 size-medium\" src=\"https:\/\/guaracentral.com\/blog\/wp-content\/uploads\/2021\/08\/p-300x238.png\" alt=\"\" width=\"300\" height=\"238\" srcset=\"https:\/\/guaracentral.com\/blog\/wp-content\/uploads\/2021\/08\/p-300x238.png 300w, https:\/\/guaracentral.com\/blog\/wp-content\/uploads\/2021\/08\/p.png 659w\" sizes=\"(max-width: 300px) 100vw, 300px\" \/><figcaption id=\"caption-attachment-1414\" class=\"wp-caption-text\"><strong><em>Pe\u00f1a San Chil<\/em><\/strong><\/figcaption><\/figure>\n<p>No se sabe mucho sobre la historia de este lugar, ojal\u00e1 se estudien y se averig\u00fcen m\u00e1s cosas sobre el uso y tradiciones de este lugar en el pasado para as\u00ed poder conocerlo m\u00e1s a fondo y saber sobre su historia. Este conjunto pertenece al conjunto de <a href=\"http:\/\/www.piedras-sagradas.es\/pena-san-chil-labata\/#!\" target=\"_blank\" rel=\"noopener\">piedras sagradas<\/a> que encontramos en la zona, especialmente en el pueblo de <a href=\"https:\/\/guaracentral.com\/rutas\/labata\/\" target=\"_blank\" rel=\"noopener\">Labata<\/a>.<\/p>\n","protected":false},"excerpt":{"rendered":"<p>PE\u00d1A SAN CHIL Cuando observamos la pe\u00f1a San Chil, nos encontramos ante un afloramiento rocoso rodeado de peque\u00f1as carrascas. Este conjunto p\u00e9treo est\u00e1 formado por un estrato de arenisca las [&hellip;]<\/p>\n","protected":false},"author":2,"featured_media":1414,"comment_status":"closed","ping_status":"closed","sticky":false,"template":"","format":"standard","meta":[],"categories":[12],"tags":[],"yoast_head":"<!-- This site is optimized with the Yoast SEO plugin v16.8 - https:\/\/yoast.com\/wordpress\/plugins\/seo\/ -->\n<title>Pe\u00f1a San Chil - Guara Central - Patrimonio p\u00e9treo<\/title>\n<meta name=\"description\" content=\"La Pe\u00f1a San Chil es un afloramiento rocoso rodeado de carrascas. Este conjunto p\u00e9treo est\u00e1 formado por un estrato de arenisca.\" \/>\n<meta name=\"robots\" content=\"index, follow, max-snippet:-1, max-image-preview:large, max-video-preview:-1\" \/>\n<link rel=\"canonical\" href=\"https:\/\/guaracentral.com\/blog\/pena-san-chil\/\" \/>\n<meta property=\"og:locale\" content=\"es_ES\" \/>\n<meta property=\"og:type\" content=\"article\" \/>\n<meta property=\"og:title\" content=\"Pe\u00f1a San Chil - Guara Central - Patrimonio p\u00e9treo\" \/>\n<meta property=\"og:description\" content=\"La Pe\u00f1a San Chil es un afloramiento rocoso rodeado de carrascas. Este conjunto p\u00e9treo est\u00e1 formado por un estrato de arenisca.\" \/>\n<meta property=\"og:url\" content=\"https:\/\/guaracentral.com\/blog\/pena-san-chil\/\" \/>\n<meta property=\"og:site_name\" content=\"Guara Central\" \/>\n<meta property=\"article:published_time\" content=\"2021-08-22T11:44:31+00:00\" \/>\n<meta property=\"og:image\" content=\"https:\/\/guaracentral.com\/blog\/wp-content\/uploads\/2021\/08\/p.png\" \/>\n\t<meta property=\"og:image:width\" content=\"659\" \/>\n\t<meta property=\"og:image:height\" content=\"522\" \/>\n<meta name=\"twitter:card\" content=\"summary_large_image\" \/>\n<meta name=\"twitter:label1\" content=\"Escrito por\" \/>\n\t<meta name=\"twitter:data1\" content=\"Guara\" \/>\n\t<meta name=\"twitter:label2\" content=\"Tiempo de lectura\" \/>\n\t<meta name=\"twitter:data2\" content=\"2 minutos\" \/>\n<script type=\"application\/ld+json\" class=\"yoast-schema-graph\">{\"@context\":\"https:\/\/schema.org\",\"@graph\":[{\"@type\":\"WebSite\",\"@id\":\"https:\/\/guaracentral.com\/blog\/#website\",\"url\":\"https:\/\/guaracentral.com\/blog\/\",\"name\":\"Guara Central\",\"description\":\"Rutas por la Sierra de Guara y entorno\",\"potentialAction\":[{\"@type\":\"SearchAction\",\"target\":{\"@type\":\"EntryPoint\",\"urlTemplate\":\"https:\/\/guaracentral.com\/blog\/?s={search_term_string}\"},\"query-input\":\"required name=search_term_string\"}],\"inLanguage\":\"es\"},{\"@type\":\"ImageObject\",\"@id\":\"https:\/\/guaracentral.com\/blog\/pena-san-chil\/#primaryimage\",\"inLanguage\":\"es\",\"url\":\"https:\/\/guaracentral.com\/blog\/wp-content\/uploads\/2021\/08\/p.png\",\"contentUrl\":\"https:\/\/guaracentral.com\/blog\/wp-content\/uploads\/2021\/08\/p.png\",\"width\":659,\"height\":522},{\"@type\":\"WebPage\",\"@id\":\"https:\/\/guaracentral.com\/blog\/pena-san-chil\/#webpage\",\"url\":\"https:\/\/guaracentral.com\/blog\/pena-san-chil\/\",\"name\":\"Pe\\u00f1a San Chil - Guara Central - Patrimonio p\\u00e9treo\",\"isPartOf\":{\"@id\":\"https:\/\/guaracentral.com\/blog\/#website\"},\"primaryImageOfPage\":{\"@id\":\"https:\/\/guaracentral.com\/blog\/pena-san-chil\/#primaryimage\"},\"datePublished\":\"2021-08-22T11:44:31+00:00\",\"dateModified\":\"2021-08-22T11:44:31+00:00\",\"author\":{\"@id\":\"https:\/\/guaracentral.com\/blog\/#\/schema\/person\/f62fa1637ca5d7b4200dba911e18f6cd\"},\"description\":\"La Pe\\u00f1a San Chil es un afloramiento rocoso rodeado de carrascas. Este conjunto p\\u00e9treo est\\u00e1 formado por un estrato de arenisca.\",\"breadcrumb\":{\"@id\":\"https:\/\/guaracentral.com\/blog\/pena-san-chil\/#breadcrumb\"},\"inLanguage\":\"es\",\"potentialAction\":[{\"@type\":\"ReadAction\",\"target\":[\"https:\/\/guaracentral.com\/blog\/pena-san-chil\/\"]}]},{\"@type\":\"BreadcrumbList\",\"@id\":\"https:\/\/guaracentral.com\/blog\/pena-san-chil\/#breadcrumb\",\"itemListElement\":[{\"@type\":\"ListItem\",\"position\":1,\"name\":\"Portada\",\"item\":\"https:\/\/guaracentral.com\/blog\/\"},{\"@type\":\"ListItem\",\"position\":2,\"name\":\"Pe\\u00f1a San Chil\"}]},{\"@type\":\"Person\",\"@id\":\"https:\/\/guaracentral.com\/blog\/#\/schema\/person\/f62fa1637ca5d7b4200dba911e18f6cd\",\"name\":\"Guara\",\"url\":\"https:\/\/guaracentral.com\/blog\/author\/infoguaracentral-es\/\"}]}<\/script>\n<!-- \/ Yoast SEO plugin. -->","yoast_head_json":{"title":"Pe\u00f1a San Chil - Guara Central - Patrimonio p\u00e9treo","description":"La Pe\u00f1a San Chil es un afloramiento rocoso rodeado de carrascas. Este conjunto p\u00e9treo est\u00e1 formado por un estrato de arenisca.","robots":{"index":"index","follow":"follow","max-snippet":"max-snippet:-1","max-image-preview":"max-image-preview:large","max-video-preview":"max-video-preview:-1"},"canonical":"https:\/\/guaracentral.com\/blog\/pena-san-chil\/","og_locale":"es_ES","og_type":"article","og_title":"Pe\u00f1a San Chil - Guara Central - Patrimonio p\u00e9treo","og_description":"La Pe\u00f1a San Chil es un afloramiento rocoso rodeado de carrascas. Este conjunto p\u00e9treo est\u00e1 formado por un estrato de arenisca.","og_url":"https:\/\/guaracentral.com\/blog\/pena-san-chil\/","og_site_name":"Guara Central","article_published_time":"2021-08-22T11:44:31+00:00","og_image":[{"width":659,"height":522,"url":"https:\/\/guaracentral.com\/blog\/wp-content\/uploads\/2021\/08\/p.png","path":"\/var\/www\/vhosts\/guaracentral.com\/httpdocs\/blog\/wp-content\/uploads\/2021\/08\/p.png","size":"full","id":1414,"alt":"","pixels":343998,"type":"image\/png"}],"twitter_card":"summary_large_image","twitter_misc":{"Escrito por":"Guara","Tiempo de lectura":"2 minutos"},"schema":{"@context":"https:\/\/schema.org","@graph":[{"@type":"WebSite","@id":"https:\/\/guaracentral.com\/blog\/#website","url":"https:\/\/guaracentral.com\/blog\/","name":"Guara Central","description":"Rutas por la Sierra de Guara y entorno","potentialAction":[{"@type":"SearchAction","target":{"@type":"EntryPoint","urlTemplate":"https:\/\/guaracentral.com\/blog\/?s={search_term_string}"},"query-input":"required name=search_term_string"}],"inLanguage":"es"},{"@type":"ImageObject","@id":"https:\/\/guaracentral.com\/blog\/pena-san-chil\/#primaryimage","inLanguage":"es","url":"https:\/\/guaracentral.com\/blog\/wp-content\/uploads\/2021\/08\/p.png","contentUrl":"https:\/\/guaracentral.com\/blog\/wp-content\/uploads\/2021\/08\/p.png","width":659,"height":522},{"@type":"WebPage","@id":"https:\/\/guaracentral.com\/blog\/pena-san-chil\/#webpage","url":"https:\/\/guaracentral.com\/blog\/pena-san-chil\/","name":"Pe\u00f1a San Chil - Guara Central - Patrimonio p\u00e9treo","isPartOf":{"@id":"https:\/\/guaracentral.com\/blog\/#website"},"primaryImageOfPage":{"@id":"https:\/\/guaracentral.com\/blog\/pena-san-chil\/#primaryimage"},"datePublished":"2021-08-22T11:44:31+00:00","dateModified":"2021-08-22T11:44:31+00:00","author":{"@id":"https:\/\/guaracentral.com\/blog\/#\/schema\/person\/f62fa1637ca5d7b4200dba911e18f6cd"},"description":"La Pe\u00f1a San Chil es un afloramiento rocoso rodeado de carrascas. Este conjunto p\u00e9treo est\u00e1 formado por un estrato de arenisca.","breadcrumb":{"@id":"https:\/\/guaracentral.com\/blog\/pena-san-chil\/#breadcrumb"},"inLanguage":"es","potentialAction":[{"@type":"ReadAction","target":["https:\/\/guaracentral.com\/blog\/pena-san-chil\/"]}]},{"@type":"BreadcrumbList","@id":"https:\/\/guaracentral.com\/blog\/pena-san-chil\/#breadcrumb","itemListElement":[{"@type":"ListItem","position":1,"name":"Portada","item":"https:\/\/guaracentral.com\/blog\/"},{"@type":"ListItem","position":2,"name":"Pe\u00f1a San Chil"}]},{"@type":"Person","@id":"https:\/\/guaracentral.com\/blog\/#\/schema\/person\/f62fa1637ca5d7b4200dba911e18f6cd","name":"Guara","url":"https:\/\/guaracentral.com\/blog\/author\/infoguaracentral-es\/"}]}},"_links":{"self":[{"href":"https:\/\/guaracentral.com\/blog\/wp-json\/wp\/v2\/posts\/1413"}],"collection":[{"href":"https:\/\/guaracentral.com\/blog\/wp-json\/wp\/v2\/posts"}],"about":[{"href":"https:\/\/guaracentral.com\/blog\/wp-json\/wp\/v2\/types\/post"}],"author":[{"embeddable":true,"href":"https:\/\/guaracentral.com\/blog\/wp-json\/wp\/v2\/users\/2"}],"replies":[{"embeddable":true,"href":"https:\/\/guaracentral.com\/blog\/wp-json\/wp\/v2\/comments?post=1413"}],"version-history":[{"count":5,"href":"https:\/\/guaracentral.com\/blog\/wp-json\/wp\/v2\/posts\/1413\/revisions"}],"predecessor-version":[{"id":1450,"href":"https:\/\/guaracentral.com\/blog\/wp-json\/wp\/v2\/posts\/1413\/revisions\/1450"}],"wp:featuredmedia":[{"embeddable":true,"href":"https:\/\/guaracentral.com\/blog\/wp-json\/wp\/v2\/media\/1414"}],"wp:attachment":[{"href":"https:\/\/guaracentral.com\/blog\/wp-json\/wp\/v2\/media?parent=1413"}],"wp:term":[{"taxonomy":"category","embeddable":true,"href":"https:\/\/guaracentral.com\/blog\/wp-json\/wp\/v2\/categories?post=1413"},{"taxonomy":"post_tag","embeddable":true,"href":"https:\/\/guaracentral.com\/blog\/wp-json\/wp\/v2\/tags?post=1413"}],"curies":[{"name":"wp","href":"https:\/\/api.w.org\/{rel}","templated":true}]}}