{"id":1122,"date":"2021-08-16T11:30:07","date_gmt":"2021-08-16T09:30:07","guid":{"rendered":"https:\/\/guaracentral.com\/blog\/?p=1122"},"modified":"2021-08-16T11:34:56","modified_gmt":"2021-08-16T09:34:56","slug":"cueva-de-las-polvorosas","status":"publish","type":"post","link":"https:\/\/guaracentral.com\/blog\/cueva-de-las-polvorosas\/","title":{"rendered":"Cueva de las Polvorosas"},"content":{"rendered":"\t\t<div data-elementor-type=\"wp-post\" data-elementor-id=\"1122\" class=\"elementor elementor-1122\">\n\t\t\t\t\t\t<div class=\"elementor-inner\">\n\t\t\t\t<div class=\"elementor-section-wrap\">\n\t\t\t\t\t\t\t\t\t<section class=\"elementor-section elementor-top-section elementor-element elementor-element-38755704 elementor-section-boxed elementor-section-height-default elementor-section-height-default\" data-id=\"38755704\" data-element_type=\"section\">\n\t\t\t\t\t\t<div class=\"elementor-container elementor-column-gap-default\">\n\t\t\t\t\t\t\t<div class=\"elementor-row\">\n\t\t\t\t\t<div class=\"elementor-column elementor-col-100 elementor-top-column elementor-element elementor-element-37a20b0\" data-id=\"37a20b0\" data-element_type=\"column\">\n\t\t\t<div class=\"elementor-column-wrap elementor-element-populated\">\n\t\t\t\t\t\t\t<div class=\"elementor-widget-wrap\">\n\t\t\t\t\t\t<div class=\"elementor-element elementor-element-6cdab15a elementor-widget elementor-widget-text-editor\" data-id=\"6cdab15a\" data-element_type=\"widget\" data-widget_type=\"text-editor.default\">\n\t\t\t\t<div class=\"elementor-widget-container\">\n\t\t\t\t\t\t\t\t<div class=\"elementor-text-editor elementor-clearfix\">\n\t\t\t\t<h3 style=\"text-align: center;\"><b>Cueva de Las Polvorosas<\/b><\/h3><p><span style=\"font-weight: 400;\">Se trata de un gran abrigo en la pared derecha del barranco del <a href=\"https:\/\/turismo.hoyadehuesca.es\/tu-cuentas-mucho\/blog\/1180-vertigo-y-emocion-en-la-sierra-de-guara-el-barranco-de-formiga\">rio Formiga<\/a>. <\/span><span style=\"font-weight: 400;\">Se accede a ella a partir de una curva a dos kil\u00f3metros de <a href=\"https:\/\/guaracentral.com\/blog\/panzano-pueblo\/\">Panzano<\/a>, por la carretera de Aguas a Bierge. Est\u00e1\u00a0 se\u00f1alizada como aparcamiento para los barranquistas que hacen la bajada del rio.\u00a0<\/span><\/p><p><span style=\"font-weight: 400;\">Tradicionalmente esta cueva era usada como corral de ganado, especialmente de reba\u00f1os de ovejas. El espacio aprovecha como cubierta la ennegrecida pared del macizo de conglomerado del barranco. La puerta de entrada por el muro sur y por el oeste, el vertiginoso acantilado al r\u00edo\u00a0 junto con alg\u00fan gran bloque de piedra conforman el cerramiento. La cueva, dispone tambi\u00e9n, de una peque\u00f1a caseta de mamposter\u00eda irregular. Hoy bastante maltrecha, serv\u00eda para que el pastor pudiera guarecerse de las inclemencias del tiempo.<\/span><\/p><p><span style=\"font-weight: 400;\">\u00a0El Barranco del Formiga es uno de los barrancos m\u00e1s populares de la Sierra de Guara. \u00a0Se trata de un barranco corto, f\u00e1cil, que congrega multitud de barranquistas durante la \u00e9poca estival y que invita al ba\u00f1o en algunas de las pozas accesibles a pie.<\/span><\/p><p><span style=\"font-weight: 400;\">\u00a0El recorrido hasta la cueva permite disfrutar de los atractivos del entorno por el que discurre. Desde la sorpresa de la inmensa cueva de las polvorosas, los caracter\u00edsticos conglomerados calizos modelados por la erosi\u00f3n k\u00e1rstica o el avistamiento de aves carro\u00f1eras, que habitan las oquedades de estos paredones rocosos como los buitres, los alimoches e incluso el majestuoso quebrantahuesos.<\/span><\/p><p><img loading=\"lazy\" class=\"alignnone size-medium wp-image-1354\" src=\"https:\/\/guaracentral.com\/blog\/wp-content\/uploads\/2021\/08\/Formiga-16-300x300.jpg\" alt=\"\" width=\"300\" height=\"300\" srcset=\"https:\/\/guaracentral.com\/blog\/wp-content\/uploads\/2021\/08\/Formiga-16-300x300.jpg 300w, https:\/\/guaracentral.com\/blog\/wp-content\/uploads\/2021\/08\/Formiga-16-150x150.jpg 150w, https:\/\/guaracentral.com\/blog\/wp-content\/uploads\/2021\/08\/Formiga-16-450x450.jpg 450w, https:\/\/guaracentral.com\/blog\/wp-content\/uploads\/2021\/08\/Formiga-16.jpg 477w\" sizes=\"(max-width: 300px) 100vw, 300px\" \/>\u00a0Pozas en el barranco del Formiga.<\/p>\t\t\t\t\t<\/div>\n\t\t\t\t\t\t<\/div>\n\t\t\t\t<\/div>\n\t\t\t\t\t\t<\/div>\n\t\t\t\t\t<\/div>\n\t\t<\/div>\n\t\t\t\t\t\t\t\t<\/div>\n\t\t\t\t\t<\/div>\n\t\t<\/section>\n\t\t\t\t\t\t\t\t\t<\/div>\n\t\t\t<\/div>\n\t\t\t\t\t<\/div>\n\t\t","protected":false},"excerpt":{"rendered":"<p>Cueva de Las Polvorosas Se trata de un gran abrigo en la pared derecha del barranco del rio Formiga. Se accede a ella a partir de una curva a dos [&hellip;]<\/p>\n","protected":false},"author":2,"featured_media":1124,"comment_status":"closed","ping_status":"closed","sticky":false,"template":"","format":"standard","meta":[],"categories":[8,17],"tags":[],"yoast_head":"<!-- This site is optimized with the Yoast SEO plugin v16.8 - https:\/\/yoast.com\/wordpress\/plugins\/seo\/ -->\n<title>Cueva de las Polvorosas - Guara Central - Geolog\u00eda<\/title>\n<meta name=\"description\" content=\"La cueva de las polvorosas se trata de un gran abrigo en la pared derecha del barranco del rio Formiga rodeada de multitud de aves.\" \/>\n<meta name=\"robots\" content=\"index, follow, max-snippet:-1, max-image-preview:large, max-video-preview:-1\" \/>\n<link rel=\"canonical\" href=\"https:\/\/guaracentral.com\/blog\/cueva-de-las-polvorosas\/\" \/>\n<meta property=\"og:locale\" content=\"es_ES\" \/>\n<meta property=\"og:type\" content=\"article\" \/>\n<meta property=\"og:title\" content=\"Cueva de las Polvorosas - Guara Central - Geolog\u00eda\" \/>\n<meta property=\"og:description\" content=\"La cueva de las polvorosas se trata de un gran abrigo en la pared derecha del barranco del rio Formiga rodeada de multitud de aves.\" \/>\n<meta property=\"og:url\" content=\"https:\/\/guaracentral.com\/blog\/cueva-de-las-polvorosas\/\" \/>\n<meta property=\"og:site_name\" content=\"Guara Central\" \/>\n<meta property=\"article:published_time\" content=\"2021-08-16T09:30:07+00:00\" \/>\n<meta property=\"article:modified_time\" content=\"2021-08-16T09:34:56+00:00\" \/>\n<meta property=\"og:image\" content=\"https:\/\/guaracentral.com\/blog\/wp-content\/uploads\/2021\/08\/Formiga-11.jpg\" \/>\n\t<meta property=\"og:image:width\" content=\"1200\" \/>\n\t<meta property=\"og:image:height\" content=\"801\" \/>\n<meta name=\"twitter:card\" content=\"summary_large_image\" \/>\n<meta name=\"twitter:label1\" content=\"Escrito por\" \/>\n\t<meta name=\"twitter:data1\" content=\"Guara\" \/>\n\t<meta name=\"twitter:label2\" content=\"Tiempo de lectura\" \/>\n\t<meta name=\"twitter:data2\" content=\"2 minutos\" \/>\n<script type=\"application\/ld+json\" class=\"yoast-schema-graph\">{\"@context\":\"https:\/\/schema.org\",\"@graph\":[{\"@type\":\"WebSite\",\"@id\":\"https:\/\/guaracentral.com\/blog\/#website\",\"url\":\"https:\/\/guaracentral.com\/blog\/\",\"name\":\"Guara Central\",\"description\":\"Rutas por la Sierra de Guara y entorno\",\"potentialAction\":[{\"@type\":\"SearchAction\",\"target\":{\"@type\":\"EntryPoint\",\"urlTemplate\":\"https:\/\/guaracentral.com\/blog\/?s={search_term_string}\"},\"query-input\":\"required name=search_term_string\"}],\"inLanguage\":\"es\"},{\"@type\":\"ImageObject\",\"@id\":\"https:\/\/guaracentral.com\/blog\/cueva-de-las-polvorosas\/#primaryimage\",\"inLanguage\":\"es\",\"url\":\"https:\/\/guaracentral.com\/blog\/wp-content\/uploads\/2021\/08\/Formiga-11.jpg\",\"contentUrl\":\"https:\/\/guaracentral.com\/blog\/wp-content\/uploads\/2021\/08\/Formiga-11.jpg\",\"width\":1200,\"height\":801},{\"@type\":\"WebPage\",\"@id\":\"https:\/\/guaracentral.com\/blog\/cueva-de-las-polvorosas\/#webpage\",\"url\":\"https:\/\/guaracentral.com\/blog\/cueva-de-las-polvorosas\/\",\"name\":\"Cueva de las Polvorosas - Guara Central - Geolog\\u00eda\",\"isPartOf\":{\"@id\":\"https:\/\/guaracentral.com\/blog\/#website\"},\"primaryImageOfPage\":{\"@id\":\"https:\/\/guaracentral.com\/blog\/cueva-de-las-polvorosas\/#primaryimage\"},\"datePublished\":\"2021-08-16T09:30:07+00:00\",\"dateModified\":\"2021-08-16T09:34:56+00:00\",\"author\":{\"@id\":\"https:\/\/guaracentral.com\/blog\/#\/schema\/person\/f62fa1637ca5d7b4200dba911e18f6cd\"},\"description\":\"La cueva de las polvorosas se trata de un gran abrigo en la pared derecha del barranco del rio Formiga rodeada de multitud de aves.\",\"breadcrumb\":{\"@id\":\"https:\/\/guaracentral.com\/blog\/cueva-de-las-polvorosas\/#breadcrumb\"},\"inLanguage\":\"es\",\"potentialAction\":[{\"@type\":\"ReadAction\",\"target\":[\"https:\/\/guaracentral.com\/blog\/cueva-de-las-polvorosas\/\"]}]},{\"@type\":\"BreadcrumbList\",\"@id\":\"https:\/\/guaracentral.com\/blog\/cueva-de-las-polvorosas\/#breadcrumb\",\"itemListElement\":[{\"@type\":\"ListItem\",\"position\":1,\"name\":\"Portada\",\"item\":\"https:\/\/guaracentral.com\/blog\/\"},{\"@type\":\"ListItem\",\"position\":2,\"name\":\"Cueva de las Polvorosas\"}]},{\"@type\":\"Person\",\"@id\":\"https:\/\/guaracentral.com\/blog\/#\/schema\/person\/f62fa1637ca5d7b4200dba911e18f6cd\",\"name\":\"Guara\",\"url\":\"https:\/\/guaracentral.com\/blog\/author\/infoguaracentral-es\/\"}]}<\/script>\n<!-- \/ Yoast SEO plugin. -->","yoast_head_json":{"title":"Cueva de las Polvorosas - Guara Central - Geolog\u00eda","description":"La cueva de las polvorosas se trata de un gran abrigo en la pared derecha del barranco del rio Formiga rodeada de multitud de aves.","robots":{"index":"index","follow":"follow","max-snippet":"max-snippet:-1","max-image-preview":"max-image-preview:large","max-video-preview":"max-video-preview:-1"},"canonical":"https:\/\/guaracentral.com\/blog\/cueva-de-las-polvorosas\/","og_locale":"es_ES","og_type":"article","og_title":"Cueva de las Polvorosas - Guara Central - Geolog\u00eda","og_description":"La cueva de las polvorosas se trata de un gran abrigo en la pared derecha del barranco del rio Formiga rodeada de multitud de aves.","og_url":"https:\/\/guaracentral.com\/blog\/cueva-de-las-polvorosas\/","og_site_name":"Guara Central","article_published_time":"2021-08-16T09:30:07+00:00","article_modified_time":"2021-08-16T09:34:56+00:00","og_image":[{"width":1200,"height":801,"url":"https:\/\/guaracentral.com\/blog\/wp-content\/uploads\/2021\/08\/Formiga-11.jpg","path":"\/var\/www\/vhosts\/guaracentral.com\/httpdocs\/blog\/wp-content\/uploads\/2021\/08\/Formiga-11.jpg","size":"full","id":1124,"alt":"","pixels":961200,"type":"image\/jpeg"}],"twitter_card":"summary_large_image","twitter_misc":{"Escrito por":"Guara","Tiempo de lectura":"2 minutos"},"schema":{"@context":"https:\/\/schema.org","@graph":[{"@type":"WebSite","@id":"https:\/\/guaracentral.com\/blog\/#website","url":"https:\/\/guaracentral.com\/blog\/","name":"Guara Central","description":"Rutas por la Sierra de Guara y entorno","potentialAction":[{"@type":"SearchAction","target":{"@type":"EntryPoint","urlTemplate":"https:\/\/guaracentral.com\/blog\/?s={search_term_string}"},"query-input":"required name=search_term_string"}],"inLanguage":"es"},{"@type":"ImageObject","@id":"https:\/\/guaracentral.com\/blog\/cueva-de-las-polvorosas\/#primaryimage","inLanguage":"es","url":"https:\/\/guaracentral.com\/blog\/wp-content\/uploads\/2021\/08\/Formiga-11.jpg","contentUrl":"https:\/\/guaracentral.com\/blog\/wp-content\/uploads\/2021\/08\/Formiga-11.jpg","width":1200,"height":801},{"@type":"WebPage","@id":"https:\/\/guaracentral.com\/blog\/cueva-de-las-polvorosas\/#webpage","url":"https:\/\/guaracentral.com\/blog\/cueva-de-las-polvorosas\/","name":"Cueva de las Polvorosas - Guara Central - Geolog\u00eda","isPartOf":{"@id":"https:\/\/guaracentral.com\/blog\/#website"},"primaryImageOfPage":{"@id":"https:\/\/guaracentral.com\/blog\/cueva-de-las-polvorosas\/#primaryimage"},"datePublished":"2021-08-16T09:30:07+00:00","dateModified":"2021-08-16T09:34:56+00:00","author":{"@id":"https:\/\/guaracentral.com\/blog\/#\/schema\/person\/f62fa1637ca5d7b4200dba911e18f6cd"},"description":"La cueva de las polvorosas se trata de un gran abrigo en la pared derecha del barranco del rio Formiga rodeada de multitud de aves.","breadcrumb":{"@id":"https:\/\/guaracentral.com\/blog\/cueva-de-las-polvorosas\/#breadcrumb"},"inLanguage":"es","potentialAction":[{"@type":"ReadAction","target":["https:\/\/guaracentral.com\/blog\/cueva-de-las-polvorosas\/"]}]},{"@type":"BreadcrumbList","@id":"https:\/\/guaracentral.com\/blog\/cueva-de-las-polvorosas\/#breadcrumb","itemListElement":[{"@type":"ListItem","position":1,"name":"Portada","item":"https:\/\/guaracentral.com\/blog\/"},{"@type":"ListItem","position":2,"name":"Cueva de las Polvorosas"}]},{"@type":"Person","@id":"https:\/\/guaracentral.com\/blog\/#\/schema\/person\/f62fa1637ca5d7b4200dba911e18f6cd","name":"Guara","url":"https:\/\/guaracentral.com\/blog\/author\/infoguaracentral-es\/"}]}},"_links":{"self":[{"href":"https:\/\/guaracentral.com\/blog\/wp-json\/wp\/v2\/posts\/1122"}],"collection":[{"href":"https:\/\/guaracentral.com\/blog\/wp-json\/wp\/v2\/posts"}],"about":[{"href":"https:\/\/guaracentral.com\/blog\/wp-json\/wp\/v2\/types\/post"}],"author":[{"embeddable":true,"href":"https:\/\/guaracentral.com\/blog\/wp-json\/wp\/v2\/users\/2"}],"replies":[{"embeddable":true,"href":"https:\/\/guaracentral.com\/blog\/wp-json\/wp\/v2\/comments?post=1122"}],"version-history":[{"count":18,"href":"https:\/\/guaracentral.com\/blog\/wp-json\/wp\/v2\/posts\/1122\/revisions"}],"predecessor-version":[{"id":1358,"href":"https:\/\/guaracentral.com\/blog\/wp-json\/wp\/v2\/posts\/1122\/revisions\/1358"}],"wp:featuredmedia":[{"embeddable":true,"href":"https:\/\/guaracentral.com\/blog\/wp-json\/wp\/v2\/media\/1124"}],"wp:attachment":[{"href":"https:\/\/guaracentral.com\/blog\/wp-json\/wp\/v2\/media?parent=1122"}],"wp:term":[{"taxonomy":"category","embeddable":true,"href":"https:\/\/guaracentral.com\/blog\/wp-json\/wp\/v2\/categories?post=1122"},{"taxonomy":"post_tag","embeddable":true,"href":"https:\/\/guaracentral.com\/blog\/wp-json\/wp\/v2\/tags?post=1122"}],"curies":[{"name":"wp","href":"https:\/\/api.w.org\/{rel}","templated":true}]}}