{"id":1075,"date":"2021-08-12T11:43:13","date_gmt":"2021-08-12T09:43:13","guid":{"rendered":"https:\/\/guaracentral.com\/blog\/?p=1075"},"modified":"2021-08-12T11:43:13","modified_gmt":"2021-08-12T09:43:13","slug":"solencio-de-santa-cilia-lugares-naturales-sierra-de-guara","status":"publish","type":"post","link":"https:\/\/guaracentral.com\/blog\/solencio-de-santa-cilia-lugares-naturales-sierra-de-guara\/","title":{"rendered":"Solencio de Santa Cilia"},"content":{"rendered":"\t\t<div data-elementor-type=\"wp-post\" data-elementor-id=\"1075\" class=\"elementor elementor-1075\">\n\t\t\t\t\t\t<div class=\"elementor-inner\">\n\t\t\t\t<div class=\"elementor-section-wrap\">\n\t\t\t\t\t\t\t\t\t<section class=\"elementor-section elementor-top-section elementor-element elementor-element-d7ca5e2 elementor-section-boxed elementor-section-height-default elementor-section-height-default\" data-id=\"d7ca5e2\" data-element_type=\"section\">\n\t\t\t\t\t\t<div class=\"elementor-container elementor-column-gap-default\">\n\t\t\t\t\t\t\t<div class=\"elementor-row\">\n\t\t\t\t\t<div class=\"elementor-column elementor-col-100 elementor-top-column elementor-element elementor-element-593c8b1\" data-id=\"593c8b1\" data-element_type=\"column\">\n\t\t\t<div class=\"elementor-column-wrap elementor-element-populated\">\n\t\t\t\t\t\t\t<div class=\"elementor-widget-wrap\">\n\t\t\t\t\t\t<div class=\"elementor-element elementor-element-09c0bf0 elementor-widget elementor-widget-text-editor\" data-id=\"09c0bf0\" data-element_type=\"widget\" data-widget_type=\"text-editor.default\">\n\t\t\t\t<div class=\"elementor-widget-container\">\n\t\t\t\t\t\t\t\t<div class=\"elementor-text-editor elementor-clearfix\">\n\t\t\t\t<h3>Solencio de Santa Cilia<\/h3><p>Solencio es una palabra local que designa a cuevas que cuando se dan condiciones muy particulares se activan y de ellas salen literalmente r\u00edos caudalosos. De menores dimensiones y caudales que el cercano Solencio de Bastar\u00e1s, el Solencio de Santa Cilia es una peque\u00f1a cueva que est\u00e1 conectada con el sistema k\u00e1rstico de la Sierra de Guara. En geolog\u00eda recibe el nombre de <a href=\"https:\/\/es.wikipedia.org\/wiki\/Trop_plein\">\u201cTrop plein\u201d<\/a>, un sistema de galer\u00edas de caliza disuelta que funciona como el desaguadero del acu\u00edfero de las Calizas de Guara.<\/p>\t\t\t\t\t<\/div>\n\t\t\t\t\t\t<\/div>\n\t\t\t\t<\/div>\n\t\t\t\t\t\t<\/div>\n\t\t\t\t\t<\/div>\n\t\t<\/div>\n\t\t\t\t\t\t\t\t<\/div>\n\t\t\t\t\t<\/div>\n\t\t<\/section>\n\t\t\t\t<section class=\"elementor-section elementor-top-section elementor-element elementor-element-8af33ef elementor-section-boxed elementor-section-height-default elementor-section-height-default\" data-id=\"8af33ef\" data-element_type=\"section\">\n\t\t\t\t\t\t<div class=\"elementor-container elementor-column-gap-default\">\n\t\t\t\t\t\t\t<div class=\"elementor-row\">\n\t\t\t\t\t<div class=\"elementor-column elementor-col-100 elementor-top-column elementor-element elementor-element-0dd83cb\" data-id=\"0dd83cb\" data-element_type=\"column\">\n\t\t\t<div class=\"elementor-column-wrap elementor-element-populated\">\n\t\t\t\t\t\t\t<div class=\"elementor-widget-wrap\">\n\t\t\t\t\t\t<div class=\"elementor-element elementor-element-84e6ba0 elementor-widget elementor-widget-image\" data-id=\"84e6ba0\" data-element_type=\"widget\" data-widget_type=\"image.default\">\n\t\t\t\t<div class=\"elementor-widget-container\">\n\t\t\t\t\t\t\t\t<div class=\"elementor-image\">\n\t\t\t\t\t\t\t\t\t<figure class=\"wp-caption\">\n\t\t\t\t\t\t\t\t\t\t<img width=\"640\" height=\"360\" src=\"https:\/\/guaracentral.com\/blog\/wp-content\/uploads\/2021\/08\/solencio2-1024x576.jpg\" class=\"attachment-large size-large\" alt=\"\" loading=\"lazy\" srcset=\"https:\/\/guaracentral.com\/blog\/wp-content\/uploads\/2021\/08\/solencio2-1024x576.jpg 1024w, https:\/\/guaracentral.com\/blog\/wp-content\/uploads\/2021\/08\/solencio2-300x169.jpg 300w, https:\/\/guaracentral.com\/blog\/wp-content\/uploads\/2021\/08\/solencio2-768x432.jpg 768w, https:\/\/guaracentral.com\/blog\/wp-content\/uploads\/2021\/08\/solencio2-1536x864.jpg 1536w, https:\/\/guaracentral.com\/blog\/wp-content\/uploads\/2021\/08\/solencio2.jpg 1600w\" sizes=\"(max-width: 640px) 100vw, 640px\" \/>\t\t\t\t\t\t\t\t\t\t\t<figcaption class=\"widget-image-caption wp-caption-text\">Solencio de Santa Cilia<\/figcaption>\n\t\t\t\t\t\t\t\t\t\t<\/figure>\n\t\t\t\t\t\t\t\t<\/div>\n\t\t\t\t\t\t<\/div>\n\t\t\t\t<\/div>\n\t\t\t\t\t\t<\/div>\n\t\t\t\t\t<\/div>\n\t\t<\/div>\n\t\t\t\t\t\t\t\t<\/div>\n\t\t\t\t\t<\/div>\n\t\t<\/section>\n\t\t\t\t<section class=\"elementor-section elementor-top-section elementor-element elementor-element-8d39064 elementor-section-boxed elementor-section-height-default elementor-section-height-default\" data-id=\"8d39064\" data-element_type=\"section\">\n\t\t\t\t\t\t<div class=\"elementor-container elementor-column-gap-default\">\n\t\t\t\t\t\t\t<div class=\"elementor-row\">\n\t\t\t\t\t<div class=\"elementor-column elementor-col-100 elementor-top-column elementor-element elementor-element-5daefae\" data-id=\"5daefae\" data-element_type=\"column\">\n\t\t\t<div class=\"elementor-column-wrap elementor-element-populated\">\n\t\t\t\t\t\t\t<div class=\"elementor-widget-wrap\">\n\t\t\t\t\t\t<div class=\"elementor-element elementor-element-4693b12 elementor-widget elementor-widget-text-editor\" data-id=\"4693b12\" data-element_type=\"widget\" data-widget_type=\"text-editor.default\">\n\t\t\t\t<div class=\"elementor-widget-container\">\n\t\t\t\t\t\t\t\t<div class=\"elementor-text-editor elementor-clearfix\">\n\t\t\t\t<p>Al igual que funciona el sif\u00f3n de una ba\u00f1era, cuando el nivel fre\u00e1tico del acu\u00edfero de Guara sube hasta el sistema de galer\u00edas del Solencio, se produce por estos conductos un drenaje violento hasta la salida del sistema que da al barranco. Se trata de uno de los \u201crebosaderos\u201d del acu\u00edfero, que cuando se activa genera un ruido perceptible desde <a href=\"https:\/\/guaracentral.com\/rutas\/santacilia\/\">el pueblo de Santa Cilia<\/a> y que genera un r\u00edo ef\u00edmero pero muy caudaloso que circula por el barranco.<\/p>\t\t\t\t\t<\/div>\n\t\t\t\t\t\t<\/div>\n\t\t\t\t<\/div>\n\t\t\t\t\t\t<\/div>\n\t\t\t\t\t<\/div>\n\t\t<\/div>\n\t\t\t\t\t\t\t\t<\/div>\n\t\t\t\t\t<\/div>\n\t\t<\/section>\n\t\t\t\t<section class=\"elementor-section elementor-top-section elementor-element elementor-element-48528c5 elementor-section-boxed elementor-section-height-default elementor-section-height-default\" data-id=\"48528c5\" data-element_type=\"section\">\n\t\t\t\t\t\t<div class=\"elementor-container elementor-column-gap-default\">\n\t\t\t\t\t\t\t<div class=\"elementor-row\">\n\t\t\t\t\t<div class=\"elementor-column elementor-col-100 elementor-top-column elementor-element elementor-element-28dee6c\" data-id=\"28dee6c\" data-element_type=\"column\">\n\t\t\t<div class=\"elementor-column-wrap elementor-element-populated\">\n\t\t\t\t\t\t\t<div class=\"elementor-widget-wrap\">\n\t\t\t\t\t\t<div class=\"elementor-element elementor-element-d954ab7 elementor-widget elementor-widget-text-editor\" data-id=\"d954ab7\" data-element_type=\"widget\" data-widget_type=\"text-editor.default\">\n\t\t\t\t<div class=\"elementor-widget-container\">\n\t\t\t\t\t\t\t\t<div class=\"elementor-text-editor elementor-clearfix\">\n\t\t\t\t<p>Se encuentra en la ladera derecha del Barranco de la Peatra. Los espele\u00f3logos han cartografiado este bonito, pero corto sistema activo. En \u00e9poca de fuertes lluvias se hace inviable entrar ya que el agua invade por completo el laminador principal. En \u00e9pocas m\u00e1s secas se puede adentrar s\u00f3lo unos pocos metros sin mojarte ya que permanece con agua todo el a\u00f1o.<\/p>\t\t\t\t\t<\/div>\n\t\t\t\t\t\t<\/div>\n\t\t\t\t<\/div>\n\t\t\t\t\t\t<\/div>\n\t\t\t\t\t<\/div>\n\t\t<\/div>\n\t\t\t\t\t\t\t\t<\/div>\n\t\t\t\t\t<\/div>\n\t\t<\/section>\n\t\t\t\t<section class=\"elementor-section elementor-top-section elementor-element elementor-element-66fe99a elementor-section-boxed elementor-section-height-default elementor-section-height-default\" data-id=\"66fe99a\" data-element_type=\"section\">\n\t\t\t\t\t\t<div class=\"elementor-container elementor-column-gap-default\">\n\t\t\t\t\t\t\t<div class=\"elementor-row\">\n\t\t\t\t\t<div class=\"elementor-column elementor-col-100 elementor-top-column elementor-element elementor-element-4a31737\" data-id=\"4a31737\" data-element_type=\"column\">\n\t\t\t<div class=\"elementor-column-wrap elementor-element-populated\">\n\t\t\t\t\t\t\t<div class=\"elementor-widget-wrap\">\n\t\t\t\t\t\t<div class=\"elementor-element elementor-element-24281e1 elementor-widget elementor-widget-image\" data-id=\"24281e1\" data-element_type=\"widget\" data-widget_type=\"image.default\">\n\t\t\t\t<div class=\"elementor-widget-container\">\n\t\t\t\t\t\t\t\t<div class=\"elementor-image\">\n\t\t\t\t\t\t\t\t\t<figure class=\"wp-caption\">\n\t\t\t\t\t\t\t\t\t\t<img width=\"633\" height=\"936\" src=\"https:\/\/guaracentral.com\/blog\/wp-content\/uploads\/2021\/08\/solencio.jpg\" class=\"attachment-large size-large\" alt=\"\" loading=\"lazy\" srcset=\"https:\/\/guaracentral.com\/blog\/wp-content\/uploads\/2021\/08\/solencio.jpg 633w, https:\/\/guaracentral.com\/blog\/wp-content\/uploads\/2021\/08\/solencio-203x300.jpg 203w\" sizes=\"(max-width: 633px) 100vw, 633px\" \/>\t\t\t\t\t\t\t\t\t\t\t<figcaption class=\"widget-image-caption wp-caption-text\">Esquema del Solencio de Santa Cilia<\/figcaption>\n\t\t\t\t\t\t\t\t\t\t<\/figure>\n\t\t\t\t\t\t\t\t<\/div>\n\t\t\t\t\t\t<\/div>\n\t\t\t\t<\/div>\n\t\t\t\t\t\t<\/div>\n\t\t\t\t\t<\/div>\n\t\t<\/div>\n\t\t\t\t\t\t\t\t<\/div>\n\t\t\t\t\t<\/div>\n\t\t<\/section>\n\t\t\t\t<section class=\"elementor-section elementor-top-section elementor-element elementor-element-4b68c6d elementor-section-boxed elementor-section-height-default elementor-section-height-default\" data-id=\"4b68c6d\" data-element_type=\"section\">\n\t\t\t\t\t\t<div class=\"elementor-container elementor-column-gap-default\">\n\t\t\t\t\t\t\t<div class=\"elementor-row\">\n\t\t\t\t\t<div class=\"elementor-column elementor-col-100 elementor-top-column elementor-element elementor-element-1c636a2\" data-id=\"1c636a2\" data-element_type=\"column\">\n\t\t\t<div class=\"elementor-column-wrap elementor-element-populated\">\n\t\t\t\t\t\t\t<div class=\"elementor-widget-wrap\">\n\t\t\t\t\t\t<div class=\"elementor-element elementor-element-18dc0a9 elementor-widget elementor-widget-text-editor\" data-id=\"18dc0a9\" data-element_type=\"widget\" data-widget_type=\"text-editor.default\">\n\t\t\t\t<div class=\"elementor-widget-container\">\n\t\t\t\t\t\t\t\t<div class=\"elementor-text-editor elementor-clearfix\">\n\t\t\t\t<h3>Rutas que nos llevan<\/h3><p>Podemos llegar a este singular paraje a saliendo del pueblo de Santa Cilia a trav\u00e9s de la <a href=\"https:\/\/guaracentral.com\/ruta\/ruta-sc3-guara-central-solencio-de-santa-cilia\/38.html\">Ruta SC3<\/a>.<\/p>\t\t\t\t\t<\/div>\n\t\t\t\t\t\t<\/div>\n\t\t\t\t<\/div>\n\t\t\t\t\t\t<\/div>\n\t\t\t\t\t<\/div>\n\t\t<\/div>\n\t\t\t\t\t\t\t\t<\/div>\n\t\t\t\t\t<\/div>\n\t\t<\/section>\n\t\t\t\t\t\t\t\t\t<\/div>\n\t\t\t<\/div>\n\t\t\t\t\t<\/div>\n\t\t","protected":false},"excerpt":{"rendered":"<p>Solencio de Santa Cilia Solencio es una palabra local que designa a cuevas que cuando se dan condiciones muy particulares se activan y de ellas salen literalmente r\u00edos caudalosos. De [&hellip;]<\/p>\n","protected":false},"author":2,"featured_media":1101,"comment_status":"closed","ping_status":"closed","sticky":false,"template":"","format":"standard","meta":[],"categories":[8,17],"tags":[27,28,26],"yoast_head":"<!-- This site is optimized with the Yoast SEO plugin v16.8 - https:\/\/yoast.com\/wordpress\/plugins\/seo\/ -->\n<title>Solencio de Santa Cilia - Lugares Naturales - Guara Central<\/title>\n<meta name=\"description\" content=\"El Solencio de Santa Cilia es una peque\u00f1a cueva en la Sierra de Guara que en condiciones concretas produce una salida impresionante de agua\" \/>\n<meta name=\"robots\" content=\"index, follow, max-snippet:-1, max-image-preview:large, max-video-preview:-1\" \/>\n<link rel=\"canonical\" href=\"https:\/\/guaracentral.com\/blog\/solencio-de-santa-cilia-lugares-naturales-sierra-de-guara\/\" \/>\n<meta property=\"og:locale\" content=\"es_ES\" \/>\n<meta property=\"og:type\" content=\"article\" \/>\n<meta property=\"og:title\" content=\"Solencio de Santa Cilia - Lugares Naturales - Guara Central\" \/>\n<meta property=\"og:description\" content=\"El Solencio de Santa Cilia es una peque\u00f1a cueva en la Sierra de Guara que en condiciones concretas produce una salida impresionante de agua\" \/>\n<meta property=\"og:url\" content=\"https:\/\/guaracentral.com\/blog\/solencio-de-santa-cilia-lugares-naturales-sierra-de-guara\/\" \/>\n<meta property=\"og:site_name\" content=\"Guara Central\" \/>\n<meta property=\"article:published_time\" content=\"2021-08-12T09:43:13+00:00\" \/>\n<meta property=\"og:image\" content=\"https:\/\/guaracentral.com\/blog\/wp-content\/uploads\/2021\/08\/solencio5.jpg\" \/>\n\t<meta property=\"og:image:width\" content=\"1600\" \/>\n\t<meta property=\"og:image:height\" content=\"1200\" \/>\n<meta name=\"twitter:card\" content=\"summary_large_image\" \/>\n<meta name=\"twitter:label1\" content=\"Escrito por\" \/>\n\t<meta name=\"twitter:data1\" content=\"Guara\" \/>\n\t<meta name=\"twitter:label2\" content=\"Tiempo de lectura\" \/>\n\t<meta name=\"twitter:data2\" content=\"2 minutos\" \/>\n<script type=\"application\/ld+json\" class=\"yoast-schema-graph\">{\"@context\":\"https:\/\/schema.org\",\"@graph\":[{\"@type\":\"WebSite\",\"@id\":\"https:\/\/guaracentral.com\/blog\/#website\",\"url\":\"https:\/\/guaracentral.com\/blog\/\",\"name\":\"Guara Central\",\"description\":\"Rutas por la Sierra de Guara y entorno\",\"potentialAction\":[{\"@type\":\"SearchAction\",\"target\":{\"@type\":\"EntryPoint\",\"urlTemplate\":\"https:\/\/guaracentral.com\/blog\/?s={search_term_string}\"},\"query-input\":\"required name=search_term_string\"}],\"inLanguage\":\"es\"},{\"@type\":\"ImageObject\",\"@id\":\"https:\/\/guaracentral.com\/blog\/solencio-de-santa-cilia-lugares-naturales-sierra-de-guara\/#primaryimage\",\"inLanguage\":\"es\",\"url\":\"https:\/\/guaracentral.com\/blog\/wp-content\/uploads\/2021\/08\/solencio5.jpg\",\"contentUrl\":\"https:\/\/guaracentral.com\/blog\/wp-content\/uploads\/2021\/08\/solencio5.jpg\",\"width\":1600,\"height\":1200},{\"@type\":\"WebPage\",\"@id\":\"https:\/\/guaracentral.com\/blog\/solencio-de-santa-cilia-lugares-naturales-sierra-de-guara\/#webpage\",\"url\":\"https:\/\/guaracentral.com\/blog\/solencio-de-santa-cilia-lugares-naturales-sierra-de-guara\/\",\"name\":\"Solencio de Santa Cilia - Lugares Naturales - Guara Central\",\"isPartOf\":{\"@id\":\"https:\/\/guaracentral.com\/blog\/#website\"},\"primaryImageOfPage\":{\"@id\":\"https:\/\/guaracentral.com\/blog\/solencio-de-santa-cilia-lugares-naturales-sierra-de-guara\/#primaryimage\"},\"datePublished\":\"2021-08-12T09:43:13+00:00\",\"dateModified\":\"2021-08-12T09:43:13+00:00\",\"author\":{\"@id\":\"https:\/\/guaracentral.com\/blog\/#\/schema\/person\/f62fa1637ca5d7b4200dba911e18f6cd\"},\"description\":\"El Solencio de Santa Cilia es una peque\\u00f1a cueva en la Sierra de Guara que en condiciones concretas produce una salida impresionante de agua\",\"breadcrumb\":{\"@id\":\"https:\/\/guaracentral.com\/blog\/solencio-de-santa-cilia-lugares-naturales-sierra-de-guara\/#breadcrumb\"},\"inLanguage\":\"es\",\"potentialAction\":[{\"@type\":\"ReadAction\",\"target\":[\"https:\/\/guaracentral.com\/blog\/solencio-de-santa-cilia-lugares-naturales-sierra-de-guara\/\"]}]},{\"@type\":\"BreadcrumbList\",\"@id\":\"https:\/\/guaracentral.com\/blog\/solencio-de-santa-cilia-lugares-naturales-sierra-de-guara\/#breadcrumb\",\"itemListElement\":[{\"@type\":\"ListItem\",\"position\":1,\"name\":\"Portada\",\"item\":\"https:\/\/guaracentral.com\/blog\/\"},{\"@type\":\"ListItem\",\"position\":2,\"name\":\"Solencio de Santa Cilia\"}]},{\"@type\":\"Person\",\"@id\":\"https:\/\/guaracentral.com\/blog\/#\/schema\/person\/f62fa1637ca5d7b4200dba911e18f6cd\",\"name\":\"Guara\",\"url\":\"https:\/\/guaracentral.com\/blog\/author\/infoguaracentral-es\/\"}]}<\/script>\n<!-- \/ Yoast SEO plugin. -->","yoast_head_json":{"title":"Solencio de Santa Cilia - Lugares Naturales - Guara Central","description":"El Solencio de Santa Cilia es una peque\u00f1a cueva en la Sierra de Guara que en condiciones concretas produce una salida impresionante de agua","robots":{"index":"index","follow":"follow","max-snippet":"max-snippet:-1","max-image-preview":"max-image-preview:large","max-video-preview":"max-video-preview:-1"},"canonical":"https:\/\/guaracentral.com\/blog\/solencio-de-santa-cilia-lugares-naturales-sierra-de-guara\/","og_locale":"es_ES","og_type":"article","og_title":"Solencio de Santa Cilia - Lugares Naturales - Guara Central","og_description":"El Solencio de Santa Cilia es una peque\u00f1a cueva en la Sierra de Guara que en condiciones concretas produce una salida impresionante de agua","og_url":"https:\/\/guaracentral.com\/blog\/solencio-de-santa-cilia-lugares-naturales-sierra-de-guara\/","og_site_name":"Guara Central","article_published_time":"2021-08-12T09:43:13+00:00","og_image":[{"width":1600,"height":1200,"url":"https:\/\/guaracentral.com\/blog\/wp-content\/uploads\/2021\/08\/solencio5.jpg","path":"\/var\/www\/vhosts\/guaracentral.com\/httpdocs\/blog\/wp-content\/uploads\/2021\/08\/solencio5.jpg","size":"full","id":1101,"alt":"","pixels":1920000,"type":"image\/jpeg"}],"twitter_card":"summary_large_image","twitter_misc":{"Escrito por":"Guara","Tiempo de lectura":"2 minutos"},"schema":{"@context":"https:\/\/schema.org","@graph":[{"@type":"WebSite","@id":"https:\/\/guaracentral.com\/blog\/#website","url":"https:\/\/guaracentral.com\/blog\/","name":"Guara Central","description":"Rutas por la Sierra de Guara y entorno","potentialAction":[{"@type":"SearchAction","target":{"@type":"EntryPoint","urlTemplate":"https:\/\/guaracentral.com\/blog\/?s={search_term_string}"},"query-input":"required name=search_term_string"}],"inLanguage":"es"},{"@type":"ImageObject","@id":"https:\/\/guaracentral.com\/blog\/solencio-de-santa-cilia-lugares-naturales-sierra-de-guara\/#primaryimage","inLanguage":"es","url":"https:\/\/guaracentral.com\/blog\/wp-content\/uploads\/2021\/08\/solencio5.jpg","contentUrl":"https:\/\/guaracentral.com\/blog\/wp-content\/uploads\/2021\/08\/solencio5.jpg","width":1600,"height":1200},{"@type":"WebPage","@id":"https:\/\/guaracentral.com\/blog\/solencio-de-santa-cilia-lugares-naturales-sierra-de-guara\/#webpage","url":"https:\/\/guaracentral.com\/blog\/solencio-de-santa-cilia-lugares-naturales-sierra-de-guara\/","name":"Solencio de Santa Cilia - Lugares Naturales - Guara Central","isPartOf":{"@id":"https:\/\/guaracentral.com\/blog\/#website"},"primaryImageOfPage":{"@id":"https:\/\/guaracentral.com\/blog\/solencio-de-santa-cilia-lugares-naturales-sierra-de-guara\/#primaryimage"},"datePublished":"2021-08-12T09:43:13+00:00","dateModified":"2021-08-12T09:43:13+00:00","author":{"@id":"https:\/\/guaracentral.com\/blog\/#\/schema\/person\/f62fa1637ca5d7b4200dba911e18f6cd"},"description":"El Solencio de Santa Cilia es una peque\u00f1a cueva en la Sierra de Guara que en condiciones concretas produce una salida impresionante de agua","breadcrumb":{"@id":"https:\/\/guaracentral.com\/blog\/solencio-de-santa-cilia-lugares-naturales-sierra-de-guara\/#breadcrumb"},"inLanguage":"es","potentialAction":[{"@type":"ReadAction","target":["https:\/\/guaracentral.com\/blog\/solencio-de-santa-cilia-lugares-naturales-sierra-de-guara\/"]}]},{"@type":"BreadcrumbList","@id":"https:\/\/guaracentral.com\/blog\/solencio-de-santa-cilia-lugares-naturales-sierra-de-guara\/#breadcrumb","itemListElement":[{"@type":"ListItem","position":1,"name":"Portada","item":"https:\/\/guaracentral.com\/blog\/"},{"@type":"ListItem","position":2,"name":"Solencio de Santa Cilia"}]},{"@type":"Person","@id":"https:\/\/guaracentral.com\/blog\/#\/schema\/person\/f62fa1637ca5d7b4200dba911e18f6cd","name":"Guara","url":"https:\/\/guaracentral.com\/blog\/author\/infoguaracentral-es\/"}]}},"_links":{"self":[{"href":"https:\/\/guaracentral.com\/blog\/wp-json\/wp\/v2\/posts\/1075"}],"collection":[{"href":"https:\/\/guaracentral.com\/blog\/wp-json\/wp\/v2\/posts"}],"about":[{"href":"https:\/\/guaracentral.com\/blog\/wp-json\/wp\/v2\/types\/post"}],"author":[{"embeddable":true,"href":"https:\/\/guaracentral.com\/blog\/wp-json\/wp\/v2\/users\/2"}],"replies":[{"embeddable":true,"href":"https:\/\/guaracentral.com\/blog\/wp-json\/wp\/v2\/comments?post=1075"}],"version-history":[{"count":33,"href":"https:\/\/guaracentral.com\/blog\/wp-json\/wp\/v2\/posts\/1075\/revisions"}],"predecessor-version":[{"id":1287,"href":"https:\/\/guaracentral.com\/blog\/wp-json\/wp\/v2\/posts\/1075\/revisions\/1287"}],"wp:featuredmedia":[{"embeddable":true,"href":"https:\/\/guaracentral.com\/blog\/wp-json\/wp\/v2\/media\/1101"}],"wp:attachment":[{"href":"https:\/\/guaracentral.com\/blog\/wp-json\/wp\/v2\/media?parent=1075"}],"wp:term":[{"taxonomy":"category","embeddable":true,"href":"https:\/\/guaracentral.com\/blog\/wp-json\/wp\/v2\/categories?post=1075"},{"taxonomy":"post_tag","embeddable":true,"href":"https:\/\/guaracentral.com\/blog\/wp-json\/wp\/v2\/tags?post=1075"}],"curies":[{"name":"wp","href":"https:\/\/api.w.org\/{rel}","templated":true}]}}